{"id":2032,"date":"2024-03-04T16:25:56","date_gmt":"2024-03-04T16:25:56","guid":{"rendered":"http:\/\/consultoriarrels.cat\/?p=2032"},"modified":"2024-11-15T07:18:25","modified_gmt":"2024-11-15T07:18:25","slug":"declaracio-de-la-renda","status":"publish","type":"post","link":"https:\/\/consultoriarrels.cat\/esp\/declaracio-de-la-renda\/","title":{"rendered":"Gesti\u00f3n de la Declaraci\u00f3n de la Renta con Consultor\u00eda Arrels"},"content":{"rendered":"<p>[et_pb_section fb_built=\u201d1\u2033 _builder_version=\u201d4.22.1\u2033 _module_preset=\u201ddefault\u201d background_image=\u201dhttp:\/\/consultoriarrels.cat\/wp-content\/uploads\/2023\/08\/consultoria-persona-treballant-laptop-scaled. jpeg\u201d height=\u201d103vh\u201d custom_margin=\u201d-100px||||false|false\u201d global_colors_info=\u201d{}\u201d][et_pb_row _builder_version=\u201d4.21.0\u2033 _module_preset=\u201ddefault\u201d max_width=\u201d13 \u201d custom_css_main_element=\u201ddisplay: flex;||flex-direction: column;||justify-content: center;\u201d locked=\u201doff\u201d global_colors_info=\u201d{}\u201d][et_pb_column type=\u201d4_4\u2033 _builder_version=\u201d4.21.0\u2033 _module_preset=\u201ddefault\u201d global_colors_info=\u201d{}\u201d][et_pb_text _builder_version=\u201d4.24. default\u201d text_font=\u201dPoppins||||||||\u201d text_text_color=\u201d#FFFFFF\u201d text_font_size=\u201d48px\u201d text_line_height=\u201d1em\u201d header_font=\u201dPoppins|||on|||||| header_text_color=\u201d#FFFFFF\u201d header_font_size=\u201d48px\u201d global_colors_info=\u201d{}\u201d]<\/p>\n<h1 style=\"text-shadow: 0px 0px 15px rgba(0,0,0,0.5);\">Gesti\u00f3n de la Declaraci\u00f3n de la Renta<br \/>\ncon Consultor\u00eda Arrels<\/h1>\n<p>[\/et_pb_text][\/et_pb_column][\/et_pb_row][\/et_pb_section][et_pb_section fb_built=&#8221;1&#8243; module_id=&#8221;menu&#8221; _builder_version=&#8221;4.27.3&#8243; _module_preset=&#8221;default&#8221; global_colors_info=&#8221;{}&#8221;][et_pb_row _builder_version=&#8221;4.27.2&#8243; _module_preset=&#8221;default&#8221; global_colors_info=&#8221;{}&#8221;][et_pb_column type=&#8221;4_4&#8243; _builder_version=&#8221;4.27.2&#8243; _module_preset=&#8221;default&#8221; global_colors_info=&#8221;{}&#8221;][et_pb_toggle title=&#8221;Taula de continguts&#8221; closed_toggle_background_color=&#8221;#fcfcfc&#8221; icon_color=&#8221;#004AAD&#8221; toggle_icon=&#8221;&#x34;||divi||400&#8243; use_icon_font_size=&#8221;on&#8221; icon_font_size=&#8221;30px&#8221; open_icon_color=&#8221;#588157&#8243; open_toggle_icon=&#8221;&#x33;||divi||400&#8243; open_use_icon_font_size=&#8221;on&#8221; open_icon_font_size=&#8221;30px&#8221; _builder_version=&#8221;4.27.3&#8243; _module_preset=&#8221;default&#8221; title_text_color=&#8221;#000000&#8243; title_level=&#8221;h2&#8243; title_font=&#8221;Poppins||||||||&#8221; body_font=&#8221;Poppins||||||||&#8221; body_link_font=&#8221;Poppins||||||||&#8221; body_link_text_color=&#8221;#004AAD&#8221; body_link_font_size=&#8221;18px&#8221; hover_enabled=&#8221;0&#8243; border_width_all=&#8221;0px&#8221; global_colors_info=&#8221;{}&#8221; sticky_enabled=&#8221;0&#8243;]<\/p>\n<ul>\n<li><a href=\"#per-que-triar\">\u00bfPor qu\u00e9 elegir una consultor\u00eda para realizar la Declaraci\u00f3n de la Renta?<\/a><\/li>\n<li><a href=\"#beneficis-gestio\">Beneficios de nuestra gesti\u00f3n de la Declaraci\u00f3n de Renta<\/a><\/li>\n<li><a href=\"#servei-gestio\">Servicio de gesti\u00f3n de declaraci\u00f3n de la renta<\/a><\/li>\n<li><a href=\"#com-comencar\">\u00bfC\u00f3mo empezar?<\/a><\/li>\n<li><a href=\"#preguntes-frequents\">Preguntas frecuentes<\/a><\/li>\n<li><a href=\"#contacta\">Contacta con nosotros<\/a><\/li>\n<\/ul>\n<p>[\/et_pb_toggle][\/et_pb_column][\/et_pb_row][\/et_pb_section][et_pb_section fb_built=&#8221;1&#8243; module_id=&#8221;per-que-triar&#8221; _builder_version=&#8221;4.27.3&#8243; _module_preset=&#8221;default&#8221; background_color=&#8221;#fcfcfc&#8221; custom_padding=&#8221;0px||0px||false|false&#8221; global_colors_info=&#8221;{}&#8221;][et_pb_row make_equal=&#8221;on&#8221; _builder_version=&#8221;4.24.2&#8243; _module_preset=&#8221;default&#8221; global_colors_info=&#8221;{}&#8221;][et_pb_column type=&#8221;4_4&#8243; _builder_version=&#8221;4.21.0&#8243; _module_preset=&#8221;default&#8221; global_colors_info=&#8221;{}&#8221;][et_pb_text _builder_version=&#8221;4.24.2&#8243; _module_preset=&#8221;default&#8221; text_font=&#8221;Poppins|300|||||||&#8221; global_colors_info=&#8221;{}&#8221;]<\/p>\n<p><strong>La Declaraci\u00f3n de la Renta puede ser un proceso abrumador tanto para individuos como para empresas,<\/strong> cargado de complejidades fiscales y potenciales errores que pueden costarle tiempo y dinero. \u00bfY si te dij\u00e9ramos que hay una manera de simplificar este proceso, asegurando al mismo tiempo que cumples con todas tus obligaciones fiscales sin estr\u00e9s? Aqu\u00ed es donde entra en juego la <strong>Consultor\u00eda Arrels, tu aliado estrat\u00e9gico en la gesti\u00f3n de la declaraci\u00f3n de la renta.<\/strong><\/p>\n<p>[\/et_pb_text][\/et_pb_column][\/et_pb_row][et_pb_row make_equal=\u201don\u201d _builder_version=\u201d4.23.1\u2033 _module_preset=\u201ddefault\u201d global_colors_info=\u201d{}\u201d][et_pb_column type=\u201d4. 0\u2033 _module_preset=\u201ddefault\u201d global_colors_info=\u201d{}\u201d][et_pb_text _builder_version=\u201d4.24.2\u2033 _module_preset=\u201ddefault\u201d header_2_font=\u201dRoboto|300||on||||||\u201d header_2_font_size=\u201d42px\u201d custom_margin=\u201d||10px||false|false\u201d locked=\u201doff\u201d global_colors_info=\u201d{}\u201d]<\/p>\n<h2>\u00bfPor qu\u00e9 elegir una consultor\u00eda para hacer la <span style=\"font-weight: 500; font-family: Poppins; color: #c88800;\">Declaraci\u00f3n de la Renta?<\/span><\/h2>\n<p>[\/et_pb_text][et_pb_divider color=\u201d#c88800\u2033 divider_weight=\u201d3px\u201d _builder_version=\u201d4.23.1\u2033 _module_preset=\u201ddefault\u201d width=\u201d20%\u201d module_alignment=\u201dleft\u201d [\/et_pb_divider][et_pb_text _builder_version=\u201d4.24.2\u2033 _module_preset=\u201ddefault\u201d text_font=\u201dPoppins|300||||||||\u201d global_colors_info=\u201d{}\u201d]<\/p>\n<p>La gesti\u00f3n fiscal y contable es un <strong>pilar fundamental por el buen funcionamiento y la legalidad de cualquier actividad econ\u00f3mica.<\/strong> La declaraci\u00f3n de la renta no es la excepci\u00f3n. Sin embargo, las constantes actualizaciones legislativas y la complejidad de los requisitos fiscales hacen que este proceso sea especialmente tedioso y propenso a errores.<\/p>\n<p>Una gestor\u00eda especializada en la declaraci\u00f3n de la renta, como Consultor\u00eda Arrels, no s\u00f3lo <strong>te ahorra tiempo y esfuerzo, sino que tambi\u00e9n maximiza tu regreso fiscal, identificando posibles deducciones y beneficios fiscales que podr\u00edas haber pasado por alto.<\/strong> Adem\u00e1s, contar con el apoyo de expertos minimiza el riesgo de cometer errores que pudieran resultar en sanciones por parte de la Agencia Tributaria.<\/p>\n<p>[\/et_pb_text][\/et_pb_column][\/et_pb_row][\/et_pb_section][et_pb_section fb_built=&#8221;1&#8243; module_id=&#8221;beneficis-gestio&#8221; _builder_version=&#8221;4.27.3&#8243; _module_preset=&#8221;default&#8221; background_color=&#8221;#fcfcfc&#8221; custom_padding=&#8221;0px||0px||false|false&#8221; global_colors_info=&#8221;{}&#8221;][et_pb_row make_equal=&#8221;on&#8221; _builder_version=&#8221;4.23.1&#8243; _module_preset=&#8221;default&#8221; global_colors_info=&#8221;{}&#8221;][et_pb_column type=&#8221;4_4&#8243; _builder_version=&#8221;4.21.0&#8243; _module_preset=&#8221;default&#8221; global_colors_info=&#8221;{}&#8221;][et_pb_text _builder_version=&#8221;4.24.2&#8243; _module_preset=&#8221;default&#8221; header_2_font=&#8221;Roboto|300||on|||||&#8221; header_2_font_size=&#8221;42px&#8221; custom_margin=&#8221;||10px||false|false&#8221; locked=&#8221;off&#8221; global_colors_info=&#8221;{}&#8221;]<\/p>\n<h2>Beneficios de la nuestra<br \/><span style=\"font-weight: 500; font-family: Poppins; color: #c88800;\">gesti\u00f3n de la Declaraci\u00f3n de Renta<\/span><\/h2>\n<p>[\/et_pb_text][et_pb_divider color=\u201d#c88800\u2033 divider_weight=\u201d3px\u201d _builder_version=\u201d4.23.1\u2033 _module_preset=\u201ddefault\u201d width=\u201d20%\u201d module_alignment=\u201dleft\u201d [\/et_pb_divider][et_pb_text _builder_version=\u201d4.24.2\u2033 _module_preset=\u201ddefault\u201d text_font=\u201dPoppins|300||||||||\u201d global_colors_info=\u201d{}\u201d]<\/p>\n<p><strong>Expertise y conocimiento actualizado:<\/strong> Nuestro equipo est\u00e1 constantemente actualizado con la \u00faltima normativa fiscal, garantizando que tu declaraci\u00f3n se realice correctamente.<\/p>\n<p><strong>Ahorro de tiempo y esfuerzo:<\/strong> Delegar esta tarea en profesionales te libera para concentrarte en lo que realmente importa: el crecimiento de tu negocio o tus actividades personales.<\/p>\n<p><strong>Optimizaci\u00f3n fiscal:<\/strong> Identificamos todas las deducciones y beneficios aplicables a tu situaci\u00f3n, asegurando que pagas lo justo y necesario.<\/p>\n<p><strong>Seguridad y confianza:<\/strong> La tranquilidad de saber que profesionales experimentados est\u00e1n manejando tus obligaciones fiscales.<\/p>\n<p>[\/et_pb_text][\/et_pb_column][\/et_pb_row][et_pb_row _builder_version=&#8221;4.23.1&#8243; _module_preset=&#8221;default&#8221; max_width=&#8221;1300px&#8221; locked=&#8221;off&#8221; global_colors_info=&#8221;{}&#8221;][et_pb_column type=&#8221;4_4&#8243; _builder_version=&#8221;4.23.1&#8243; _module_preset=&#8221;default&#8221; global_colors_info=&#8221;{}&#8221;][et_pb_image src=&#8221;http:\/\/consultoriarrels.cat\/wp-content\/uploads\/2024\/03\/consultoria-delcaracio-de-la-renda.jpeg&#8221; alt=&#8221;Consultoria declaraci\u00f3 de la renda&#8221; title_text=&#8221;Consultoria declaraci\u00f3 de la renda&#8221; _builder_version=&#8221;4.27.0&#8243; _module_preset=&#8221;default&#8221; max_width=&#8221;60%&#8221; module_alignment=&#8221;center&#8221; global_colors_info=&#8221;{}&#8221;][\/et_pb_image][\/et_pb_column][\/et_pb_row][\/et_pb_section][et_pb_section fb_built=&#8221;1&#8243; module_id=&#8221;servei-gestio&#8221; _builder_version=&#8221;4.27.3&#8243; _module_preset=&#8221;default&#8221; background_color=&#8221;#fcfcfc&#8221; custom_padding=&#8221;0px||0px||false|false&#8221; global_colors_info=&#8221;{}&#8221;][et_pb_row make_equal=&#8221;on&#8221; _builder_version=&#8221;4.23.1&#8243; _module_preset=&#8221;default&#8221; global_colors_info=&#8221;{}&#8221;][et_pb_column type=&#8221;4_4&#8243; _builder_version=&#8221;4.21.0&#8243; _module_preset=&#8221;default&#8221; global_colors_info=&#8221;{}&#8221;][et_pb_text _builder_version=&#8221;4.24.2&#8243; _module_preset=&#8221;default&#8221; header_2_font=&#8221;Roboto|300||on|||||&#8221; header_2_font_size=&#8221;42px&#8221; custom_margin=&#8221;||10px||false|false&#8221; locked=&#8221;off&#8221; global_colors_info=&#8221;{}&#8221;]<\/p>\n<h2>Servicio de gesti\u00f3n de <span style=\"font-weight: 500; font-family: Poppins; color: #c88800;\">declaraci\u00f3n de la renta<\/span><\/h2>\n<p>[\/et_pb_text][et_pb_divider color=\u201d#c88800\u2033 divider_weight=\u201d3px\u201d _builder_version=\u201d4.23.1\u2033 _module_preset=\u201ddefault\u201d width=\u201d20%\u201d module_alignment=\u201dleft\u201d [\/et_pb_divider][et_pb_text _builder_version=\u201d4.24.2\u2033 _module_preset=\u201ddefault\u201d text_font=\u201dPoppins|300||||||||\u201d global_colors_info=\u201d{}\u201d]En Consultor\u00eda Arrels, ofrecemos un servicio integral para la gesti\u00f3n de la declaraci\u00f3n de la renta, adapt\u00e1ndonos a las necesidades espec\u00edficas de cada cliente, ya sea para personas f\u00edsicas o jur\u00eddicas. Nuestros servicios incluyen:<\/p>\n<p><strong>Revisi\u00f3n y preparaci\u00f3n de documentaci\u00f3n:<\/strong> Nos aseguramos que toda su documentaci\u00f3n est\u00e9 correcta y completa.<\/p>\n<p><strong>C\u00e1lculo y optimizaci\u00f3n fiscal:<\/strong> Realizamos un an\u00e1lisis detallado para aplicar todas las deducciones y beneficios fiscales disponibles.<\/p>\n<p><strong>Presentaci\u00f3n electr\u00f3nica:<\/strong> Nos encargamos de todo el proceso de presentaci\u00f3n frente a la Agencia Tributaria, asegurando que se cumplan todos los plazos.<\/p>\n<p><strong>Asesoramiento personalizado:<\/strong> Oferim assessorament continu per resoldre qualsevol dubte i ajudar-vos a planificar millor les vostres obligacions fiscals futures.[\/et_pb_text][\/et_pb_column][\/et_pb_row][\/et_pb_section][et_pb_section fb_built=&#8221;1&#8243; module_id=&#8221;com-comencar&#8221; _builder_version=&#8221;4.27.3&#8243; _module_preset=&#8221;default&#8221; background_color=&#8221;#fcfcfc&#8221; custom_padding=&#8221;0px||0px||false|false&#8221; global_colors_info=&#8221;{}&#8221;][et_pb_row make_equal=&#8221;on&#8221; _builder_version=&#8221;4.23.1&#8243; _module_preset=&#8221;default&#8221; global_colors_info=&#8221;{}&#8221;][et_pb_column type=&#8221;4_4&#8243; _builder_version=&#8221;4.21.0&#8243; _module_preset=&#8221;default&#8221; global_colors_info=&#8221;{}&#8221;][et_pb_text _builder_version=&#8221;4.24.2&#8243; _module_preset=&#8221;default&#8221; header_2_font=&#8221;Roboto|300||on|||||&#8221; header_2_font_size=&#8221;42px&#8221; custom_margin=&#8221;||10px||false|false&#8221; locked=&#8221;off&#8221; global_colors_info=&#8221;{}&#8221;]<\/p>\n<h2>C\u00f3mo <span style=\"font-weight: 500; font-family: Poppins; color: #c88800;\">empezar?<\/span><\/h2>\n<p>[\/et_pb_text][et_pb_divider color=\u201d#c88800\u2033 divider_weight=\u201d3px\u201d _builder_version=\u201d4.23.1\u2033 _module_preset=\u201ddefault\u201d width=\u201d20%\u201d module_alignment=\u201dleft\u201d [\/et_pb_divider][et_pb_text _builder_version=\u201d4.24.2\u2033 _module_preset=\u201ddefault\u201d text_font=\u201dPoppins|300||||||||\u201d global_colors_info=\u201d{}\u201d]<\/p>\n<p>Empezar es tan sencillo como <strong>ponerte en contacto con nosotros a trav\u00e9s de nuestra p\u00e1gina web, envi\u00e1ndonos un correo electr\u00f3nico o llam\u00e1ndonos directamente.<\/strong> Estamos aqu\u00ed para escucharte y entender tus necesidades.<\/p>\n<p>Una vez establecido el primer contacto, nos sumergimos en una <strong>evaluaci\u00f3n preliminar de su situaci\u00f3n fiscal.<\/strong> Este paso nos permite captar la esencia de sus requerimientos y c\u00f3mo podemos servirle mejor. En base a esta evaluaci\u00f3n, le presentaremos una propuesta cuidadosamente elaborada, que refleje una soluci\u00f3n personalizada adaptada a tus expectativas y necesidades fiscales.<\/p>\n<p>Al aceptar nuestra propuesta, <strong>damos inicio al proceso de preparaci\u00f3n y gesti\u00f3n de su declaraci\u00f3n de la renta.<\/strong> Nuestro equipo de expertos tomar\u00e1 las riendas, asegur\u00e1ndose de que cada detalle sea manejado con precisi\u00f3n y profesionalismo, permiti\u00e9ndote enfocarte en lo que verdaderamente importa para ti.<\/p>\n<p>[\/et_pb_text][\/et_pb_column][\/et_pb_row][\/et_pb_section][et_pb_section fb_built=&#8221;1&#8243; module_id=&#8221;preguntes-frequents&#8221; _builder_version=&#8221;4.27.3&#8243; _module_preset=&#8221;default&#8221; background_color=&#8221;#fcfcfc&#8221; custom_padding=&#8221;0px||0px||false|false&#8221; global_colors_info=&#8221;{}&#8221;][et_pb_row make_equal=&#8221;on&#8221; _builder_version=&#8221;4.23.1&#8243; _module_preset=&#8221;default&#8221; global_colors_info=&#8221;{}&#8221;][et_pb_column type=&#8221;4_4&#8243; _builder_version=&#8221;4.21.0&#8243; _module_preset=&#8221;default&#8221; global_colors_info=&#8221;{}&#8221;][et_pb_text _builder_version=&#8221;4.24.2&#8243; _module_preset=&#8221;default&#8221; header_2_font=&#8221;Roboto|300||on|||||&#8221; header_2_font_size=&#8221;42px&#8221; custom_margin=&#8221;||10px||false|false&#8221; locked=&#8221;off&#8221; global_colors_info=&#8221;{}&#8221;]<\/p>\n<h2>Preguntas <span style=\"font-weight: 500; font-family: Poppins; color: #c88800;\">frecuentes<\/span><\/h2>\n<p>[\/et_pb_text][et_pb_divider color=\u201d#c88800\u2033 divider_weight=\u201d3px\u201d _builder_version=\u201d4.23.1\u2033 _module_preset=\u201ddefault\u201d width=\u201d20%\u201d module_alignment=\u201dleft\u201d [\/et_pb_divider][et_pb_text _builder_version=\u201d4.24.2\u2033 _module_preset=\u201ddefault\u201d text_font=\u201dPoppins|300||||||||\u201d global_colors_info=\u201d{}\u201d]<\/p>\n<h3>\u00bfQu\u00e9 necesito proporcionar para la declaraci\u00f3n de la renta?<\/h3>\n<p>Necesitar\u00e1s proporcionar toda la <strong>documentaci\u00f3n relacionada<\/strong> con tus ingresos, gastos deducibles, inversiones y cualquier otra informaci\u00f3n relevante para tu declaraci\u00f3n.<\/p>\n<h3>\u00bfCu\u00e1nto tiempo tarda el proceso?<\/h3>\n<p>El tiempo de gesti\u00f3n <strong>puede variar dependiendo de la complejidad de la situaci\u00f3n fiscal.<\/strong> Sin embargo, nos esforzamos por completar todo el proceso de manera eficiente, asegurando que se cumplan todos los plazos fiscales.<\/p>\n<h3>\u00bfC\u00f3mo puedo estar seguro de que mi declaraci\u00f3n es correcta?<\/h3>\n<p>Nuestro equipo de expertos <strong>revisa meticulosamente cada detalle de su declaraci\u00f3n<\/strong> para asegurar su precisi\u00f3n y conformidad con la legislaci\u00f3n vigente.<\/p>\n<p>[\/et_pb_text][\/et_pb_column][\/et_pb_row][\/et_pb_section][et_pb_section fb_built=&#8221;1&#8243; module_id=&#8221;contacta&#8221; _builder_version=&#8221;4.27.3&#8243; _module_preset=&#8221;default&#8221; background_color=&#8221;#fcfcfc&#8221; custom_padding=&#8221;0px||||false|false&#8221; global_module=&#8221;2150&#8243; locked=&#8221;off&#8221; global_colors_info=&#8221;{}&#8221;][et_pb_row make_equal=&#8221;on&#8221; _builder_version=&#8221;4.21.0&#8243; _module_preset=&#8221;default&#8221; global_colors_info=&#8221;{}&#8221;][et_pb_column type=&#8221;4_4&#8243; _builder_version=&#8221;4.21.0&#8243; _module_preset=&#8221;default&#8221; global_colors_info=&#8221;{}&#8221;][et_pb_text _builder_version=&#8221;4.23.1&#8243; _module_preset=&#8221;default&#8221; header_2_font=&#8221;Roboto|300||on|||||&#8221; header_2_font_size=&#8221;42px&#8221; custom_margin=&#8221;||10px||false|false&#8221; locked=&#8221;off&#8221; global_colors_info=&#8221;{}&#8221;]<\/p>\n<h2>Contacta con <span style=\"font-weight: 500; font-family: Poppins; color: #c88800;\">nosotros<\/span><\/h2>\n<p>[\/et_pb_text][et_pb_divider color=&quot;#C88800&quot; divider_weight=&quot;3px&quot; _builder_version=&quot;4.23.1&quot; _module_preset=&quot;default&quot; width=&quot;20%&quot; module_alignment=&quot;left&quot; lock [\/et_pb_divider][\/et_pb_column][\/et_pb_row][et_pb_row column_structure=\u201d1_2,1_2\u2033 make_equal=\u201don\u201d _builder_version=\u201d4.21.0\u2033 _module_preset=\u201ddefault\u201d global_colors_info= 1_2\u2033 _builder_version=\u201d4.21.0\u2033 _module_preset=\u201ddefault\u201d global_colors_info=\u201d{}\u201d][et_pb_text _builder_version=\u201d4.22.1\u2033 _module_preset=\u201ddefault\u201d header_2_font=\u201dPoppins||| header_2_font_size=\u201d30px\u201d header_3_font=\u201dPoppins||||||||\u201d header_3_font_size=\u201d24px\u201d global_colors_info=\u201d{}\u201d]<\/p>\n<h3>Informaci\u00f3n de contacto<\/h3>\n<p>[\/et_pb_text][et_pb_blurb use_icon=\u201ddonde\u201d font_icon=\u201d\ue090||divi||400\u2033 icon_color=\u201d#004AAD\u201d icon_placement=\u201dleft\u201d image_icon_width=\u201d40px\u201d admin_label=\u201dAnuncio.\u201d =\u201ddefault\u201d header_level=\u201dh3\u2033 header_font=\u201dPoppins||||||||\u201d body_font=&quot;Poppins|300|||||||&quot; body_font_size=\u201d16px\u201d custom_css_blurb_image=\u201dpadding-right: 10px;||vertical-align: middle;||position: relative;\u201d locked=\u201doff\u201d global_colors_info=\u201d{}\u201d]603 603 249<\/p>\n<p>664 620 389[\/et_pb_blurb][et_pb_blurb use_icon=\u201don\u201d font_icon=\u201d\ue076||divi||400\u2033 icon_color=\u201d#004AAD\u201d icon_placement=\u201dleft\u201d image_icon_width=\u201d40 25. 1\u2033 _module_preset=\u201ddefault\u201d header_level=\u201dh3\u2033 header_font=\u201dPoppins||||||||| body_font=&quot;Poppins|300|||||||&quot; body_font_size=\u201d16px\u201d link_option_url=\u201dmailto:mariam@consultoriarrels.cat\u201d custom_css_blurb_image=\u201dpadding-right: 10px;||vertical-align: middle;||position: relative;\u201d locked=\u201doff\u201d global_colors_info=\u201d{}\u201d]<\/p>\n<p>info@consultoriarrels.cat<\/p>\n<p>[\/et_pb_blurb][et_pb_blurb use_icon=\u201ddonde\u201d font_icon=\u201d\uf017||hace||900\u2033 icon_color=\u201d#004AAD\u201d icon_placement=\u201dleft\u201d image_icon_width=\u201d40px\u201d admin_label=\u201dAnuncio. =\u201ddefault\u201d header_level=\u201dh3\u2033 header_font=\u201dPoppins||||||||\u201d body_font=&quot;Poppins|300|||||||&quot; body_font_size=\u201d16px\u201d custom_css_blurb_image=\u201dpadding-right: 10px;||vertical-align: middle;||position: relative;\u201d locked=\u201doff\u201d global_colors_info=\u201d{}\u201d]<\/p>\n<p>De lunes a viernes<br \/>\nde 9h a 18h<\/p>\n<p>[\/et_pb_blurb][et_pb_blurb use_icon=\u201don\u201d font_icon=\u201d\ue081||divi||400\u2033 icon_color=\u201d#004AAD\u201d icon_placement=\u201dleft\u201d image_icon_width=\u201d40px\u201d admin_label=\u201dAnuncio\u201d _builder_version=\u201d4.25.1\u2033 _module_preset =\u201ddefault\u201d header_level=\u201dh3\u2033 header_font=\u201dPoppins||||||||\u201d body_font=&quot;Poppins|300|||||||&quot; body_font_size=\u201d16px\u201d custom_css_blurb_image=\u201dpadding-right: 10px;||vertical-align: middle;||position: relative;\u201d locked=\u201doff\u201d global_colors_info=\u201d{}\u201d]Calle Vic 11, 08460, Santa Mar\u00eda de Palautordera[\/et_pb_blurb][\/et_pb_column][et_pb_column type=\u201d1_2\u2033 _builder_version=\u201d4.21.0\u2033 _module_pres =\u201d{}\u201d][et_pb_text _builder_version=\u201d4.22.1\u2033 _module_preset=\u201ddefault\u201d header_2_font=\u201dPoppins|||||||||\u201d header_2_font_size=\u201d30px\u201d header_3_font=\u201dPoppins||||||||\u201d header_3_font_size=\u201d24px\u201d global_colors_info=\u201d{}\u201d]<\/p>\n<h3>Contacta con nosotros<\/h3>\n<p>[\/et_pb_text][et_pb_contact_form use_spam_service=&#8221;on&#8221; recaptcha_list=&#8221;Default|Default-0&#8243; email=&#8221;info@consultoriarrels.cat&#8221; custom_message=&#8221;Correu des de la WEB consultoriarrels.cat||et_pb_line_break_holder||||et_pb_line_break_holder||Nom: %%Name%%||et_pb_line_break_holder||Correu: %%Email%%||et_pb_line_break_holder||Tel\u00e8fon: %%Telefon%%||et_pb_line_break_holder||Tipus de consulta: %%Field_4%%||et_pb_line_break_holder||Missatge: %%Message%%&#8221; success_message=&#8221;Gr\u00e0cies per contactar amb nosaltres. En breu ens posarem en contacte amb tu.&#8221; submit_button_text=&#8221;Envia&#8221; _builder_version=&#8221;4.23.4&#8243; _module_preset=&#8221;default&#8221; _unique_id=&#8221;20bffa56-eae1-4940-9a0e-452dfd6986fb&#8221; form_field_background_color=&#8221;#FFFFFF&#8221; custom_button=&#8221;on&#8221; button_text_color=&#8221;#FFFFFF&#8221; button_bg_color=&#8221;#4153AF&#8221; button_border_width=&#8221;0px&#8221; custom_margin=&#8221;||||false|true&#8221; custom_margin_tablet=&#8221;||||false|true&#8221; custom_margin_phone=&#8221;||||false|true&#8221; custom_margin_last_edited=&#8221;on|desktop&#8221; border_width_all=&#8221;2px&#8221; border_color_all=&#8221;#4153AF&#8221; locked=&#8221;off&#8221; global_colors_info=&#8221;{}&#8221;][et_pb_contact_field field_id=&#8221;Name&#8221; field_title=&#8221;Nom *&#8221; _builder_version=&#8221;4.23.1&#8243; global_colors_info=&#8221;{}&#8221; button_text_size__hover_enabled=&#8221;off&#8221; button_one_text_size__hover_enabled=&#8221;off&#8221; button_two_text_size__hover_enabled=&#8221;off&#8221; button_text_color__hover_enabled=&#8221;off&#8221; button_one_text_color__hover_enabled=&#8221;off&#8221; button_two_text_color__hover_enabled=&#8221;off&#8221; button_border_width__hover_enabled=&#8221;off&#8221; button_one_border_width__hover_enabled=&#8221;off&#8221; button_two_border_width__hover_enabled=&#8221;off&#8221; button_border_color__hover_enabled=&#8221;off&#8221; button_one_border_color__hover_enabled=&#8221;off&#8221; button_two_border_color__hover_enabled=&#8221;off&#8221; button_border_radius__hover_enabled=&#8221;off&#8221; button_one_border_radius__hover_enabled=&#8221;off&#8221; button_two_border_radius__hover_enabled=&#8221;off&#8221; button_letter_spacing__hover_enabled=&#8221;off&#8221; button_one_letter_spacing__hover_enabled=&#8221;off&#8221; button_two_letter_spacing__hover_enabled=&#8221;off&#8221; button_bg_color__hover_enabled=&#8221;off&#8221; button_one_bg_color__hover_enabled=&#8221;off&#8221; button_two_bg_color__hover_enabled=&#8221;off&#8221;][\/et_pb_contact_field][et_pb_contact_field field_id=&#8221;Email&#8221; field_title=&#8221;Correu electr\u00f2nic *&#8221; field_type=&#8221;email&#8221; _builder_version=&#8221;4.23.1&#8243; global_colors_info=&#8221;{}&#8221; button_text_size__hover_enabled=&#8221;off&#8221; button_one_text_size__hover_enabled=&#8221;off&#8221; button_two_text_size__hover_enabled=&#8221;off&#8221; button_text_color__hover_enabled=&#8221;off&#8221; button_one_text_color__hover_enabled=&#8221;off&#8221; button_two_text_color__hover_enabled=&#8221;off&#8221; button_border_width__hover_enabled=&#8221;off&#8221; button_one_border_width__hover_enabled=&#8221;off&#8221; button_two_border_width__hover_enabled=&#8221;off&#8221; button_border_color__hover_enabled=&#8221;off&#8221; button_one_border_color__hover_enabled=&#8221;off&#8221; button_two_border_color__hover_enabled=&#8221;off&#8221; button_border_radius__hover_enabled=&#8221;off&#8221; button_one_border_radius__hover_enabled=&#8221;off&#8221; button_two_border_radius__hover_enabled=&#8221;off&#8221; button_letter_spacing__hover_enabled=&#8221;off&#8221; button_one_letter_spacing__hover_enabled=&#8221;off&#8221; button_two_letter_spacing__hover_enabled=&#8221;off&#8221; button_bg_color__hover_enabled=&#8221;off&#8221; button_one_bg_color__hover_enabled=&#8221;off&#8221; button_two_bg_color__hover_enabled=&#8221;off&#8221;][\/et_pb_contact_field][et_pb_contact_field field_id=&#8221;Telefon&#8221; field_title=&#8221;Tel\u00e8fon&#8221; allowed_symbols=&#8221;numbers&#8221; required_mark=&#8221;off&#8221; _builder_version=&#8221;4.23.1&#8243; _module_preset=&#8221;default&#8221; global_colors_info=&#8221;{}&#8221;][\/et_pb_contact_field][et_pb_contact_field field_id=&#8221;Field_4&#8243; field_title=&#8221;Tipus de consulta&#8221; field_type=&#8221;select&#8221; select_options=&#8221;%91{%22value%22:%22Assessoria laboral%22,%22checked%22:0,%22dragID%22:-1},{%22value%22:%22Consultoria laboral%22,%22checked%22:0,%22dragID%22:0},{%22value%22:%22Assessoria fiscal i comptable%22,%22checked%22:0,%22dragID%22:1},{%22value%22:%22Gesti\u00f3 de bonificacions de les formacions &#8211; Fundae%22,%22checked%22:0,%22dragID%22:2},{%22value%22:%22Cerca i gesti\u00f3 de subvencions per a les empreses%22,%22checked%22:0,%22dragID%22:3},{%22value%22:%22Tramitaci\u00f3 d\u2019expedients d\u2019estrangeria%22,%22checked%22:0,%22dragID%22:4},{%22value%22:%22Consultoria 360\u00ba%22,%22checked%22:0,%22dragID%22:5},{%22value%22:%22Un altre tema%22,%22checked%22:0,%22dragID%22:6}%93&#8243; required_mark=&#8221;off&#8221; _builder_version=&#8221;4.23.1&#8243; _module_preset=&#8221;default&#8221; global_colors_info=&#8221;{}&#8221;][\/et_pb_contact_field][et_pb_contact_field field_id=&#8221;Message&#8221; field_title=&#8221;Missatge *&#8221; field_type=&#8221;text&#8221; fullwidth_field=&#8221;on&#8221; _builder_version=&#8221;4.23.1&#8243; global_colors_info=&#8221;{}&#8221; button_text_size__hover_enabled=&#8221;off&#8221; button_one_text_size__hover_enabled=&#8221;off&#8221; button_two_text_size__hover_enabled=&#8221;off&#8221; button_text_color__hover_enabled=&#8221;off&#8221; button_one_text_color__hover_enabled=&#8221;off&#8221; button_two_text_color__hover_enabled=&#8221;off&#8221; button_border_width__hover_enabled=&#8221;off&#8221; button_one_border_width__hover_enabled=&#8221;off&#8221; button_two_border_width__hover_enabled=&#8221;off&#8221; button_border_color__hover_enabled=&#8221;off&#8221; button_one_border_color__hover_enabled=&#8221;off&#8221; button_two_border_color__hover_enabled=&#8221;off&#8221; button_border_radius__hover_enabled=&#8221;off&#8221; button_one_border_radius__hover_enabled=&#8221;off&#8221; button_two_border_radius__hover_enabled=&#8221;off&#8221; button_letter_spacing__hover_enabled=&#8221;off&#8221; button_one_letter_spacing__hover_enabled=&#8221;off&#8221; button_two_letter_spacing__hover_enabled=&#8221;off&#8221; button_bg_color__hover_enabled=&#8221;off&#8221; button_one_bg_color__hover_enabled=&#8221;off&#8221; button_two_bg_color__hover_enabled=&#8221;off&#8221;][\/et_pb_contact_field][et_pb_contact_field field_id=&#8221;Field_5&#8243; field_title=&#8221; &#8221; field_type=&#8221;checkbox&#8221; checkbox_options=&#8221;%91{%22value%22:%22Accepto la %22,%22checked%22:0,%22dragID%22:-1,%22link_url%22:%22http:\/\/consultoriarrels.cat\/politica-de-privacitat\/%22,%22link_text%22:%22Politica de privacitat%22}%93&#8243; fullwidth_field=&#8221;on&#8221; _builder_version=&#8221;4.23.1&#8243; _module_preset=&#8221;default&#8221; global_colors_info=&#8221;{}&#8221;][\/et_pb_contact_field][\/et_pb_contact_form][et_pb_text _builder_version=&#8221;4.21.0&#8243; _module_preset=&#8221;default&#8221; link_text_color=&#8221;#4153af&#8221; locked=&#8221;off&#8221; global_colors_info=&#8221;{}&#8221;]Aquest lloc est\u00e0 protegit per reCAPTCHA i s&#8217;apliquen la <a href=\"https:\/\/policies.google.com\/privacy\" target=\"_self\" role=\"link\" rel=\"noopener\">Pol\u00edtica de privacidad<\/a> y las <a href=\"https:\/\/policies.google.com\/terms\" target=\"_self\" role=\"link\" rel=\"noopener\">Condiciones del servicio<\/a> de Google.[\/et_pb_text][\/et_pb_column][\/et_pb_row][\/et_pb_section]<\/p>","protected":false},"excerpt":{"rendered":"<p>Descubre c\u00f3mo Asesor\u00eda Arrels transforma la gesti\u00f3n de subvenciones en \u00e9xito por tu proyecto o empresa. \u00a1Tu puerta a la financiaci\u00f3n!<\/p>","protected":false},"author":1,"featured_media":2065,"comment_status":"closed","ping_status":"closed","sticky":false,"template":"","format":"standard","meta":{"_et_pb_use_builder":"on","_et_pb_old_content":"","_et_gb_content_width":"2880","footnotes":""},"categories":[1],"tags":[],"class_list":["post-2032","post","type-post","status-publish","format-standard","has-post-thumbnail","hentry","category-uncategorized"],"yoast_head":"<!-- This site is optimized with the Yoast SEO plugin v26.4 - https:\/\/yoast.com\/wordpress\/plugins\/seo\/ -->\n<title>Gesti\u00f3 de la Declaraci\u00f3 de la Renda amb Consultoria Arrels - Consultoria Arrels<\/title>\n<meta name=\"description\" content=\"Descobreix com Assessoria Arrels transforma la gesti\u00f3 de subvencions en \u00e8xit pel teu projecte o empresa. La teva porta al finan\u00e7ament!\" \/>\n<meta name=\"robots\" content=\"index, follow, max-snippet:-1, max-image-preview:large, max-video-preview:-1\" \/>\n<link rel=\"canonical\" href=\"https:\/\/consultoriarrels.cat\/esp\/declaracio-de-la-renda\/\" \/>\n<meta property=\"og:locale\" content=\"es_ES\" \/>\n<meta property=\"og:type\" content=\"article\" \/>\n<meta property=\"og:title\" content=\"Gesti\u00f3 de la Declaraci\u00f3 de la Renda amb Consultoria Arrels - Consultoria Arrels\" \/>\n<meta property=\"og:description\" content=\"Descobreix com Assessoria Arrels transforma la gesti\u00f3 de subvencions en \u00e8xit pel teu projecte o empresa. La teva porta al finan\u00e7ament!\" \/>\n<meta property=\"og:url\" content=\"https:\/\/consultoriarrels.cat\/esp\/declaracio-de-la-renda\/\" \/>\n<meta property=\"og:site_name\" content=\"Consultoria Arrels\" \/>\n<meta property=\"article:published_time\" content=\"2024-03-04T16:25:56+00:00\" \/>\n<meta property=\"article:modified_time\" content=\"2024-11-15T07:18:25+00:00\" \/>\n<meta property=\"og:image\" content=\"https:\/\/consultoriarrels.cat\/wp-content\/uploads\/2024\/03\/consultoria-delcaracio-de-la-renda.jpeg\" \/>\n\t<meta property=\"og:image:width\" content=\"1920\" \/>\n\t<meta property=\"og:image:height\" content=\"1280\" \/>\n\t<meta property=\"og:image:type\" content=\"image\/jpeg\" \/>\n<meta name=\"author\" content=\"assisoft\" \/>\n<meta name=\"twitter:card\" content=\"summary_large_image\" \/>\n<meta name=\"twitter:label1\" content=\"Escrito por\" \/>\n\t<meta name=\"twitter:data1\" content=\"assisoft\" \/>\n\t<meta name=\"twitter:label2\" content=\"Tiempo de lectura\" \/>\n\t<meta name=\"twitter:data2\" content=\"5 minutos\" \/>\n<script type=\"application\/ld+json\" class=\"yoast-schema-graph\">{\"@context\":\"https:\/\/schema.org\",\"@graph\":[{\"@type\":\"Article\",\"@id\":\"https:\/\/consultoriarrels.cat\/declaracio-de-la-renda\/#article\",\"isPartOf\":{\"@id\":\"https:\/\/consultoriarrels.cat\/declaracio-de-la-renda\/\"},\"author\":{\"name\":\"assisoft\",\"@id\":\"https:\/\/consultoriarrels.cat\/#\/schema\/person\/a4a60e76757ab791e2feac7e0ccb2ea5\"},\"headline\":\"Gesti\u00f3 de la Declaraci\u00f3 de la Renda amb Consultoria Arrels\",\"datePublished\":\"2024-03-04T16:25:56+00:00\",\"dateModified\":\"2024-11-15T07:18:25+00:00\",\"mainEntityOfPage\":{\"@id\":\"https:\/\/consultoriarrels.cat\/declaracio-de-la-renda\/\"},\"wordCount\":3157,\"publisher\":{\"@id\":\"https:\/\/consultoriarrels.cat\/#organization\"},\"image\":{\"@id\":\"https:\/\/consultoriarrels.cat\/declaracio-de-la-renda\/#primaryimage\"},\"thumbnailUrl\":\"https:\/\/consultoriarrels.cat\/wp-content\/uploads\/2024\/03\/consultoria-delcaracio-de-la-renda.jpeg\",\"articleSection\":[\"Uncategorized\"],\"inLanguage\":\"es\"},{\"@type\":\"WebPage\",\"@id\":\"https:\/\/consultoriarrels.cat\/declaracio-de-la-renda\/\",\"url\":\"https:\/\/consultoriarrels.cat\/declaracio-de-la-renda\/\",\"name\":\"Gesti\u00f3 de la Declaraci\u00f3 de la Renda amb Consultoria Arrels - Consultoria Arrels\",\"isPartOf\":{\"@id\":\"https:\/\/consultoriarrels.cat\/#website\"},\"primaryImageOfPage\":{\"@id\":\"https:\/\/consultoriarrels.cat\/declaracio-de-la-renda\/#primaryimage\"},\"image\":{\"@id\":\"https:\/\/consultoriarrels.cat\/declaracio-de-la-renda\/#primaryimage\"},\"thumbnailUrl\":\"https:\/\/consultoriarrels.cat\/wp-content\/uploads\/2024\/03\/consultoria-delcaracio-de-la-renda.jpeg\",\"datePublished\":\"2024-03-04T16:25:56+00:00\",\"dateModified\":\"2024-11-15T07:18:25+00:00\",\"description\":\"Descobreix com Assessoria Arrels transforma la gesti\u00f3 de subvencions en \u00e8xit pel teu projecte o empresa. La teva porta al finan\u00e7ament!\",\"breadcrumb\":{\"@id\":\"https:\/\/consultoriarrels.cat\/declaracio-de-la-renda\/#breadcrumb\"},\"inLanguage\":\"es\",\"potentialAction\":[{\"@type\":\"ReadAction\",\"target\":[\"https:\/\/consultoriarrels.cat\/declaracio-de-la-renda\/\"]}]},{\"@type\":\"ImageObject\",\"inLanguage\":\"es\",\"@id\":\"https:\/\/consultoriarrels.cat\/declaracio-de-la-renda\/#primaryimage\",\"url\":\"https:\/\/consultoriarrels.cat\/wp-content\/uploads\/2024\/03\/consultoria-delcaracio-de-la-renda.jpeg\",\"contentUrl\":\"https:\/\/consultoriarrels.cat\/wp-content\/uploads\/2024\/03\/consultoria-delcaracio-de-la-renda.jpeg\",\"width\":1920,\"height\":1280,\"caption\":\"Consultoria declaraci\u00f3 de la renda\"},{\"@type\":\"BreadcrumbList\",\"@id\":\"https:\/\/consultoriarrels.cat\/declaracio-de-la-renda\/#breadcrumb\",\"itemListElement\":[{\"@type\":\"ListItem\",\"position\":1,\"name\":\"Inici\",\"item\":\"https:\/\/consultoriarrels.cat\/\"},{\"@type\":\"ListItem\",\"position\":2,\"name\":\"Gesti\u00f3 de la Declaraci\u00f3 de la Renda amb Consultoria Arrels\"}]},{\"@type\":\"WebSite\",\"@id\":\"https:\/\/consultoriarrels.cat\/#website\",\"url\":\"https:\/\/consultoriarrels.cat\/\",\"name\":\"Consultoria Arrels\",\"description\":\"T&#039;acompanyem en tot moment\",\"publisher\":{\"@id\":\"https:\/\/consultoriarrels.cat\/#organization\"},\"potentialAction\":[{\"@type\":\"SearchAction\",\"target\":{\"@type\":\"EntryPoint\",\"urlTemplate\":\"https:\/\/consultoriarrels.cat\/?s={search_term_string}\"},\"query-input\":{\"@type\":\"PropertyValueSpecification\",\"valueRequired\":true,\"valueName\":\"search_term_string\"}}],\"inLanguage\":\"es\"},{\"@type\":\"Organization\",\"@id\":\"https:\/\/consultoriarrels.cat\/#organization\",\"name\":\"Consultoria Arrels\",\"url\":\"https:\/\/consultoriarrels.cat\/\",\"logo\":{\"@type\":\"ImageObject\",\"inLanguage\":\"es\",\"@id\":\"https:\/\/consultoriarrels.cat\/#\/schema\/logo\/image\/\",\"url\":\"http:\/\/consultoriarrels.cat\/wp-content\/uploads\/2023\/08\/consultoria_arrels_0021.png\",\"contentUrl\":\"http:\/\/consultoriarrels.cat\/wp-content\/uploads\/2023\/08\/consultoria_arrels_0021.png\",\"width\":132,\"height\":132,\"caption\":\"Consultoria Arrels\"},\"image\":{\"@id\":\"https:\/\/consultoriarrels.cat\/#\/schema\/logo\/image\/\"}},{\"@type\":\"Person\",\"@id\":\"https:\/\/consultoriarrels.cat\/#\/schema\/person\/a4a60e76757ab791e2feac7e0ccb2ea5\",\"name\":\"assisoft\",\"image\":{\"@type\":\"ImageObject\",\"inLanguage\":\"es\",\"@id\":\"https:\/\/consultoriarrels.cat\/#\/schema\/person\/image\/\",\"url\":\"https:\/\/secure.gravatar.com\/avatar\/7e21f63c89c6677f1c0c2a4ec347579a69e669077f77bbb73eb26e897e5badc8?s=96&d=mm&r=g\",\"contentUrl\":\"https:\/\/secure.gravatar.com\/avatar\/7e21f63c89c6677f1c0c2a4ec347579a69e669077f77bbb73eb26e897e5badc8?s=96&d=mm&r=g\",\"caption\":\"assisoft\"},\"sameAs\":[\"http:\/\/consultoriarrels.cat\"]}]}<\/script>\n<!-- \/ Yoast SEO plugin. -->","yoast_head_json":{"title":"Gesti\u00f3n de la Declaraci\u00f3n de la Renta con Consultor\u00eda Arrels - Consultor\u00eda Arrels","description":"Descubre c\u00f3mo Asesor\u00eda Arrels transforma la gesti\u00f3n de subvenciones en \u00e9xito por tu proyecto o empresa. \u00a1Tu puerta a la financiaci\u00f3n!","robots":{"index":"index","follow":"follow","max-snippet":"max-snippet:-1","max-image-preview":"max-image-preview:large","max-video-preview":"max-video-preview:-1"},"canonical":"https:\/\/consultoriarrels.cat\/esp\/declaracio-de-la-renda\/","og_locale":"es_ES","og_type":"article","og_title":"Gesti\u00f3 de la Declaraci\u00f3 de la Renda amb Consultoria Arrels - Consultoria Arrels","og_description":"Descobreix com Assessoria Arrels transforma la gesti\u00f3 de subvencions en \u00e8xit pel teu projecte o empresa. La teva porta al finan\u00e7ament!","og_url":"https:\/\/consultoriarrels.cat\/esp\/declaracio-de-la-renda\/","og_site_name":"Consultoria Arrels","article_published_time":"2024-03-04T16:25:56+00:00","article_modified_time":"2024-11-15T07:18:25+00:00","og_image":[{"width":1920,"height":1280,"url":"https:\/\/consultoriarrels.cat\/wp-content\/uploads\/2024\/03\/consultoria-delcaracio-de-la-renda.jpeg","type":"image\/jpeg"}],"author":"assisoft","twitter_card":"summary_large_image","twitter_misc":{"Escrito por":"assisoft","Tiempo de lectura":"5 minutos"},"schema":{"@context":"https:\/\/schema.org","@graph":[{"@type":"Article","@id":"https:\/\/consultoriarrels.cat\/declaracio-de-la-renda\/#article","isPartOf":{"@id":"https:\/\/consultoriarrels.cat\/declaracio-de-la-renda\/"},"author":{"name":"assisoft","@id":"https:\/\/consultoriarrels.cat\/#\/schema\/person\/a4a60e76757ab791e2feac7e0ccb2ea5"},"headline":"Gesti\u00f3 de la Declaraci\u00f3 de la Renda amb Consultoria Arrels","datePublished":"2024-03-04T16:25:56+00:00","dateModified":"2024-11-15T07:18:25+00:00","mainEntityOfPage":{"@id":"https:\/\/consultoriarrels.cat\/declaracio-de-la-renda\/"},"wordCount":3157,"publisher":{"@id":"https:\/\/consultoriarrels.cat\/#organization"},"image":{"@id":"https:\/\/consultoriarrels.cat\/declaracio-de-la-renda\/#primaryimage"},"thumbnailUrl":"https:\/\/consultoriarrels.cat\/wp-content\/uploads\/2024\/03\/consultoria-delcaracio-de-la-renda.jpeg","articleSection":["Uncategorized"],"inLanguage":"es"},{"@type":"WebPage","@id":"https:\/\/consultoriarrels.cat\/declaracio-de-la-renda\/","url":"https:\/\/consultoriarrels.cat\/declaracio-de-la-renda\/","name":"Gesti\u00f3n de la Declaraci\u00f3n de la Renta con Consultor\u00eda Arrels - Consultor\u00eda Arrels","isPartOf":{"@id":"https:\/\/consultoriarrels.cat\/#website"},"primaryImageOfPage":{"@id":"https:\/\/consultoriarrels.cat\/declaracio-de-la-renda\/#primaryimage"},"image":{"@id":"https:\/\/consultoriarrels.cat\/declaracio-de-la-renda\/#primaryimage"},"thumbnailUrl":"https:\/\/consultoriarrels.cat\/wp-content\/uploads\/2024\/03\/consultoria-delcaracio-de-la-renda.jpeg","datePublished":"2024-03-04T16:25:56+00:00","dateModified":"2024-11-15T07:18:25+00:00","description":"Descubre c\u00f3mo Asesor\u00eda Arrels transforma la gesti\u00f3n de subvenciones en \u00e9xito por tu proyecto o empresa. \u00a1Tu puerta a la financiaci\u00f3n!","breadcrumb":{"@id":"https:\/\/consultoriarrels.cat\/declaracio-de-la-renda\/#breadcrumb"},"inLanguage":"es","potentialAction":[{"@type":"ReadAction","target":["https:\/\/consultoriarrels.cat\/declaracio-de-la-renda\/"]}]},{"@type":"ImageObject","inLanguage":"es","@id":"https:\/\/consultoriarrels.cat\/declaracio-de-la-renda\/#primaryimage","url":"https:\/\/consultoriarrels.cat\/wp-content\/uploads\/2024\/03\/consultoria-delcaracio-de-la-renda.jpeg","contentUrl":"https:\/\/consultoriarrels.cat\/wp-content\/uploads\/2024\/03\/consultoria-delcaracio-de-la-renda.jpeg","width":1920,"height":1280,"caption":"Consultoria declaraci\u00f3 de la renda"},{"@type":"BreadcrumbList","@id":"https:\/\/consultoriarrels.cat\/declaracio-de-la-renda\/#breadcrumb","itemListElement":[{"@type":"ListItem","position":1,"name":"Inici","item":"https:\/\/consultoriarrels.cat\/"},{"@type":"ListItem","position":2,"name":"Gesti\u00f3 de la Declaraci\u00f3 de la Renda amb Consultoria Arrels"}]},{"@type":"WebSite","@id":"https:\/\/consultoriarrels.cat\/#website","url":"https:\/\/consultoriarrels.cat\/","name":"Consultor\u00eda Arrels","description":"T&#039;acompa\u00f1amos en todo momento","publisher":{"@id":"https:\/\/consultoriarrels.cat\/#organization"},"potentialAction":[{"@type":"SearchAction","target":{"@type":"EntryPoint","urlTemplate":"https:\/\/consultoriarrels.cat\/?s={search_term_string}"},"query-input":{"@type":"PropertyValueSpecification","valueRequired":true,"valueName":"search_term_string"}}],"inLanguage":"es"},{"@type":"Organization","@id":"https:\/\/consultoriarrels.cat\/#organization","name":"Consultor\u00eda Arrels","url":"https:\/\/consultoriarrels.cat\/","logo":{"@type":"ImageObject","inLanguage":"es","@id":"https:\/\/consultoriarrels.cat\/#\/schema\/logo\/image\/","url":"http:\/\/consultoriarrels.cat\/wp-content\/uploads\/2023\/08\/consultoria_arrels_0021.png","contentUrl":"http:\/\/consultoriarrels.cat\/wp-content\/uploads\/2023\/08\/consultoria_arrels_0021.png","width":132,"height":132,"caption":"Consultoria Arrels"},"image":{"@id":"https:\/\/consultoriarrels.cat\/#\/schema\/logo\/image\/"}},{"@type":"Person","@id":"https:\/\/consultoriarrels.cat\/#\/schema\/person\/a4a60e76757ab791e2feac7e0ccb2ea5","name":"assisoft","image":{"@type":"ImageObject","inLanguage":"es","@id":"https:\/\/consultoriarrels.cat\/#\/schema\/person\/image\/","url":"https:\/\/secure.gravatar.com\/avatar\/7e21f63c89c6677f1c0c2a4ec347579a69e669077f77bbb73eb26e897e5badc8?s=96&d=mm&r=g","contentUrl":"https:\/\/secure.gravatar.com\/avatar\/7e21f63c89c6677f1c0c2a4ec347579a69e669077f77bbb73eb26e897e5badc8?s=96&d=mm&r=g","caption":"assisoft"},"sameAs":["http:\/\/consultoriarrels.cat"]}]}},"_links":{"self":[{"href":"https:\/\/consultoriarrels.cat\/esp\/wp-json\/wp\/v2\/posts\/2032","targetHints":{"allow":["GET"]}}],"collection":[{"href":"https:\/\/consultoriarrels.cat\/esp\/wp-json\/wp\/v2\/posts"}],"about":[{"href":"https:\/\/consultoriarrels.cat\/esp\/wp-json\/wp\/v2\/types\/post"}],"author":[{"embeddable":true,"href":"https:\/\/consultoriarrels.cat\/esp\/wp-json\/wp\/v2\/users\/1"}],"replies":[{"embeddable":true,"href":"https:\/\/consultoriarrels.cat\/esp\/wp-json\/wp\/v2\/comments?post=2032"}],"version-history":[{"count":30,"href":"https:\/\/consultoriarrels.cat\/esp\/wp-json\/wp\/v2\/posts\/2032\/revisions"}],"predecessor-version":[{"id":2291,"href":"https:\/\/consultoriarrels.cat\/esp\/wp-json\/wp\/v2\/posts\/2032\/revisions\/2291"}],"wp:featuredmedia":[{"embeddable":true,"href":"https:\/\/consultoriarrels.cat\/esp\/wp-json\/wp\/v2\/media\/2065"}],"wp:attachment":[{"href":"https:\/\/consultoriarrels.cat\/esp\/wp-json\/wp\/v2\/media?parent=2032"}],"wp:term":[{"taxonomy":"category","embeddable":true,"href":"https:\/\/consultoriarrels.cat\/esp\/wp-json\/wp\/v2\/categories?post=2032"},{"taxonomy":"post_tag","embeddable":true,"href":"https:\/\/consultoriarrels.cat\/esp\/wp-json\/wp\/v2\/tags?post=2032"}],"curies":[{"name":"wp","href":"https:\/\/api.w.org\/{rel}","templated":true}]}}