{"id":1,"date":"2022-04-24T22:21:43","date_gmt":"2022-04-24T22:21:43","guid":{"rendered":"https:\/\/assisoft-kitdigital.com\/master\/?p=1"},"modified":"2024-11-15T07:30:46","modified_gmt":"2024-11-15T07:30:46","slug":"assessoria-laboral","status":"publish","type":"post","link":"https:\/\/consultoriarrels.cat\/esp\/assessoria-laboral\/","title":{"rendered":"Asesor\u00eda laboral en Santa Maria de Palautordera"},"content":{"rendered":"<p>[et_pb_section fb_built=\u201d1\u2033 _builder_version=\u201d4.22.1\u2033 _module_preset=\u201ddefault\u201d background_image=\u201dhttp:\/\/consultoriarrels.cat\/wp-content\/uploads\/2023\/08\/consultoria-persona-treballant-laptop-scaled. jpeg\u201d height=\u201d103vh\u201d custom_margin=\u201d-100px||||false|false\u201d global_colors_info=\u201d{}\u201d][et_pb_row _builder_version=\u201d4.21.0\u2033 _module_preset=\u201ddefault\u201d max_width=\u201d13 \u201d custom_css_main_element=\u201ddisplay: flex;||flex-direction: column;||justify-content: center;\u201d locked=\u201doff\u201d global_colors_info=\u201d{}\u201d][et_pb_column type=\u201d4_4\u2033 _builder_version=\u201d4.21.0\u2033 _module_preset=\u201ddefault\u201d global_colors_info=\u201d{}\u201d][et_pb_text _builder_version=\u201d4.23.\u2033 default\u201d text_font=\u201dPoppins||||||||\u201d text_text_color=\u201d#FFFFFF\u201d text_font_size=\u201d48px\u201d text_line_height=\u201d1em\u201d header_font=\u201dPoppins|||on|||||| header_text_color=\u201d#FFFFFF\u201d header_font_size=\u201d48px\u201d global_colors_info=\u201d{}\u201d]<\/p>\n<h1 style=\"text-shadow: 0px 0px 15px rgba(0,0,0,0.5);\">Optimiza tu trayectoria profesional con los servicios de asesor\u00eda laboral en Santa Maria de Palautordera<\/h1>\n<p>[\/et_pb_text][\/et_pb_column][\/et_pb_row][\/et_pb_section][et_pb_section fb_built=&#8221;1&#8243; module_id=&#8221;menu&#8221; _builder_version=&#8221;4.27.3&#8243; _module_preset=&#8221;default&#8221; global_colors_info=&#8221;{}&#8221;][et_pb_row _builder_version=&#8221;4.27.3&#8243; _module_preset=&#8221;default&#8221; hover_enabled=&#8221;0&#8243; global_colors_info=&#8221;{}&#8221; max_width=&#8221;1300px&#8221; sticky_enabled=&#8221;0&#8243;][et_pb_column type=&#8221;4_4&#8243; _builder_version=&#8221;4.27.2&#8243; _module_preset=&#8221;default&#8221; global_colors_info=&#8221;{}&#8221;][et_pb_toggle title=&#8221;Taula de continguts&#8221; closed_toggle_background_color=&#8221;#fcfcfc&#8221; icon_color=&#8221;#004AAD&#8221; toggle_icon=&#8221;&#x34;||divi||400&#8243; use_icon_font_size=&#8221;on&#8221; icon_font_size=&#8221;30px&#8221; open_icon_color=&#8221;#588157&#8243; open_toggle_icon=&#8221;&#x33;||divi||400&#8243; open_use_icon_font_size=&#8221;on&#8221; open_icon_font_size=&#8221;30px&#8221; _builder_version=&#8221;4.27.3&#8243; _module_preset=&#8221;default&#8221; title_text_color=&#8221;#000000&#8243; title_level=&#8221;h2&#8243; title_font=&#8221;Poppins||||||||&#8221; body_font=&#8221;Poppins||||||||&#8221; body_link_font=&#8221;Poppins||||||||&#8221; body_link_text_color=&#8221;#004AAD&#8221; body_link_font_size=&#8221;18px&#8221; hover_enabled=&#8221;0&#8243; border_width_all=&#8221;0px&#8221; global_colors_info=&#8221;{}&#8221; sticky_enabled=&#8221;0&#8243;]<\/p>\n<ul>\n<li><a href=\"#introduccio\">Introducci\u00f3n<\/a><\/li>\n<li><a href=\"#qui-som\">\u00bfQui\u00e9nes somos?<\/a><\/li>\n<li><a href=\"#serveis-oferim\">Servicios que ofrecemos<\/a><\/li>\n<li><a href=\"#assessorament-feina\">Asesoramiento en la b\u00fasqueda de empleo<\/a><\/li>\n<li><a href=\"#gestio-carreres\">Gesti\u00f3n de carreras profesionales<\/a><\/li>\n<li><a href=\"#assessoria-contractuals\">Asesor\u00eda en temas contractuales<\/a><\/li>\n<li><a href=\"#per-que-triar\">\u00bfPor qu\u00e9 elegir Consultor\u00eda Ra\u00edces?<\/a><\/li>\n<li><a href=\"#contacta\">Contacta con nosotros<\/a><\/li>\n<\/ul>\n<p>[\/et_pb_toggle][\/et_pb_column][\/et_pb_row][\/et_pb_section][et_pb_section fb_built=&#8221;1&#8243; _builder_version=&#8221;4.27.3&#8243; _module_preset=&#8221;default&#8221; background_color=&#8221;#fcfcfc&#8221; custom_padding=&#8221;0px||||false|false&#8221; hover_enabled=&#8221;0&#8243; global_colors_info=&#8221;{}&#8221; module_id=&#8221;introduccio&#8221; sticky_enabled=&#8221;0&#8243;][et_pb_row make_equal=&#8221;on&#8221; _builder_version=&#8221;4.23.1&#8243; _module_preset=&#8221;default&#8221; max_width=&#8221;1300px&#8221; global_colors_info=&#8221;{}&#8221;][et_pb_column type=&#8221;4_4&#8243; _builder_version=&#8221;4.21.0&#8243; _module_preset=&#8221;default&#8221; global_colors_info=&#8221;{}&#8221;][et_pb_text _builder_version=&#8221;4.23.1&#8243; _module_preset=&#8221;default&#8221; header_2_font=&#8221;Roboto|300||on|||||&#8221; header_2_font_size=&#8221;42px&#8221; custom_margin=&#8221;||10px||false|false&#8221; locked=&#8221;off&#8221; global_colors_info=&#8221;{}&#8221;]<\/p>\n<h2>Introducci\u00f3n<\/h2>\n<p>[\/et_pb_text][et_pb_divider color=\u201d#c88800\u2033 divider_weight=\u201d3px\u201d _builder_version=\u201d4.23.1\u2033 _module_preset=\u201ddefault\u201d width=\u201d20%\u201d module_alignment=\u201dleft\u201d [\/et_pb_divider][et_pb_text _builder_version=\u201d4.23.1\u2033 _module_preset=\u201ddefault\u201d text_font=\u201dPoppins|300||||||||\u201d global_colors_info=\u201d{}\u201d]<\/p>\n<p><strong>Con una s\u00f3lida trayectoria en el \u00e1mbito de la asesor\u00eda laboral en Santa Maria de Palautordera, nos enorgullece ser el socio estrat\u00e9gico que ha impulsado a innumerables profesionales hacia el \u00e9xito en sus carreras.<\/strong> Nuestra experiencia no se basa s\u00f3lo en a\u00f1os de servicio, sino tambi\u00e9n en una profunda comprensi\u00f3n de las cambiantes demandas del mercado laboral.<\/p>\n<p><strong>En este entorno donde la competencia es feroz y las oportunidades son ef\u00edmeras, Consultor\u00eda Arrels es un aliado fiable para quienes buscan no s\u00f3lo empleo, sino una verdadera progresi\u00f3n en sus trayectorias profesionales.<\/strong> No s\u00f3lo destacamos por ofrecer servicios est\u00e1ndar de asesor\u00eda laboral, sino por nuestra capacidad \u00fanica para adaptarnos a las necesidades espec\u00edficas de cada individuo.<\/p>\n<p>[\/et_pb_text][\/et_pb_column][\/et_pb_row][\/et_pb_section][et_pb_section fb_built=&#8221;1&#8243; _builder_version=&#8221;4.27.3&#8243; _module_preset=&#8221;default&#8221; background_color=&#8221;#fcfcfc&#8221; custom_padding=&#8221;0px||||false|false&#8221; hover_enabled=&#8221;0&#8243; global_colors_info=&#8221;{}&#8221; module_id=&#8221;qui-som&#8221; sticky_enabled=&#8221;0&#8243;][et_pb_row make_equal=&#8221;on&#8221; _builder_version=&#8221;4.23.1&#8243; _module_preset=&#8221;default&#8221; max_width=&#8221;1300px&#8221; global_colors_info=&#8221;{}&#8221;][et_pb_column type=&#8221;4_4&#8243; _builder_version=&#8221;4.21.0&#8243; _module_preset=&#8221;default&#8221; global_colors_info=&#8221;{}&#8221;][et_pb_text _builder_version=&#8221;4.23.1&#8243; _module_preset=&#8221;default&#8221; header_2_font=&#8221;Roboto|300||on|||||&#8221; header_2_font_size=&#8221;42px&#8221; custom_margin=&#8221;||10px||false|false&#8221; locked=&#8221;off&#8221; global_colors_info=&#8221;{}&#8221;]<\/p>\n<h2>\u00bfQui\u00e9nes somos?<\/h2>\n<p>[\/et_pb_text][et_pb_divider color=\u201d#c88800\u2033 divider_weight=\u201d3px\u201d _builder_version=\u201d4.23.1\u2033 _module_preset=\u201ddefault\u201d width=\u201d20%\u201d module_alignment=\u201dleft\u201d [\/et_pb_divider][et_pb_text _builder_version=\u201d4.23.1\u2033 _module_preset=\u201ddefault\u201d text_font=\u201dPoppins|300||||||||\u201d global_colors_info=\u201d{}\u201d]<\/p>\n<p><strong>Nuestra misi\u00f3n es simple pero poderosa: ser el puente entre tus habilidades y oportunidades que transformar\u00e1n tu carrera.<\/strong><\/p>\n<p>Desde nuestros inicios nos hemos dedicado a comprender las necesidades \u00fanicas de los profesionales que conf\u00edan en nosotros. <strong>No somos s\u00f3lo consultores; somos socios que trabajan incansablemente por tu \u00e9xito.<\/strong> Nuestra historia se entrelaza con cada individuo que ha pasado por nuestras puertas, y cada hito alcanzado por nuestros clientes es un testimonio de nuestro compromiso constante.<\/p>\n<p>En Consultor\u00eda Arrels, no s\u00f3lo ofrecemos servicios est\u00e1ndar de asesor\u00eda laboral en Santa Maria de Palautordera. <strong>Somos un equipo cohesionado por profesionales especializados en el mercado laboral.<\/strong> Nos enorgullece no s\u00f3lo ser observadores de las tendencias laborales, sino tambi\u00e9n ser activos impulsores del cambio y del progreso profesional de nuestros clientes.<\/p>\n<p>Hemos sido testigos de la transformaci\u00f3n de carreras ordinarias a extraordinarias. Nuestro equipo, formado por expertos en asesor\u00eda laboral, no s\u00f3lo tiene conocimientos, sino tambi\u00e9n una pasi\u00f3n innata por ver a las personas prosperar en sus campos escogidos. <strong>En cada consulta, no s\u00f3lo compartimos nuestro conocimiento, sino que tambi\u00e9n ofrecemos un enfoque personalizado que se ajusta a sus metas y aspiraciones.<\/strong><\/p>\n<p>[\/et_pb_text][\/et_pb_column][\/et_pb_row][et_pb_row _builder_version=&#8221;4.23.1&#8243; _module_preset=&#8221;default&#8221; max_width=&#8221;1300px&#8221; global_colors_info=&#8221;{}&#8221;][et_pb_column type=&#8221;4_4&#8243; _builder_version=&#8221;4.23.1&#8243; _module_preset=&#8221;default&#8221; global_colors_info=&#8221;{}&#8221;][et_pb_image src=&#8221;http:\/\/consultoriarrels.cat\/wp-content\/uploads\/2023\/11\/consultoria-entrevista-laboral-scaled.jpeg&#8221; alt=&#8221;Consultoria entrevista de feina&#8221; title_text=&#8221;Consultoria entrevista de feina&#8221; _builder_version=&#8221;4.27.0&#8243; _module_preset=&#8221;default&#8221; max_width=&#8221;60%&#8221; module_alignment=&#8221;center&#8221; global_colors_info=&#8221;{}&#8221;][\/et_pb_image][\/et_pb_column][\/et_pb_row][\/et_pb_section][et_pb_section fb_built=&#8221;1&#8243; _builder_version=&#8221;4.27.3&#8243; _module_preset=&#8221;default&#8221; background_color=&#8221;#fcfcfc&#8221; custom_padding=&#8221;0px||||false|false&#8221; hover_enabled=&#8221;0&#8243; global_colors_info=&#8221;{}&#8221; module_id=&#8221;serveis-oferim&#8221; sticky_enabled=&#8221;0&#8243;][et_pb_row make_equal=&#8221;on&#8221; _builder_version=&#8221;4.23.1&#8243; _module_preset=&#8221;default&#8221; max_width=&#8221;1300px&#8221; global_colors_info=&#8221;{}&#8221;][et_pb_column type=&#8221;4_4&#8243; _builder_version=&#8221;4.21.0&#8243; _module_preset=&#8221;default&#8221; global_colors_info=&#8221;{}&#8221;][et_pb_text _builder_version=&#8221;4.23.1&#8243; _module_preset=&#8221;default&#8221; header_2_font=&#8221;Roboto|300||on|||||&#8221; header_2_font_size=&#8221;42px&#8221; custom_margin=&#8221;||10px||false|false&#8221; locked=&#8221;off&#8221; global_colors_info=&#8221;{}&#8221;]<\/p>\n<h2>Servicios <span style=\"font-weight: 500; font-family: Poppins; color: #c88800;\">que ofrecemos<\/span><\/h2>\n<p>[\/et_pb_text][et_pb_divider color=\u201d#c88800\u2033 divider_weight=\u201d3px\u201d _builder_version=\u201d4.23.1\u2033 _module_preset=\u201ddefault\u201d width=\u201d20%\u201d module_alignment=\u201dleft\u201d [\/et_pb_divider][et_pb_text _builder_version=\u201d4.23.1\u2033 _module_preset=\u201ddefault\u201d text_font=\u201dPoppins|300||||||||\u201d global_colors_info=\u201d{}\u201d]<\/p>\n<p><strong>En Consultor\u00eda Arrels, entendemos que la asesor\u00eda laboral va m\u00e1s all\u00e1 de simplemente encontrar trabajo; implica crear bases s\u00f3lidas para el crecimiento y estabilidad profesional.<\/strong> Nuestra gama de servicios incluye una variedad de aspectos clave para garantizar tu \u00e9xito en el entorno laboral.<\/p>\n<h3>Asesoramiento y aplicaci\u00f3n de protocolos laborales<\/h3>\n<p><strong>Nos sumergimos en la complejidad de los protocolos y obligaciones laborales de tu empresa.<\/strong> Nuestros expertos no s\u00f3lo te asesoran, sino que tambi\u00e9n trabajan en la aplicaci\u00f3n efectiva de estas normativas, asegurando un entorno laboral acorde con la legalidad y el propicio para el desarrollo.<\/p>\n<h3>Descripciones de puestos de trabajo<\/h3>\n<p>La claridad en los roles es esencial. <strong>Desarrollamos descripciones de puestos de trabajo detalladas<\/strong> para garantizar que cada miembro de tu equipo comprenda sus responsabilidades y contribuya al \u00e9xito colectivo de la empresa.<\/p>\n<h3>Procesos de selecci\u00f3n y onboarding<\/h3>\n<p><strong>Desde la identificaci\u00f3n de talento hasta la integraci\u00f3n efectiva en tu empresa, nos encargamos de los procesos de selecci\u00f3n y onboarding.<\/strong> Buscamos no s\u00f3lo las habilidades t\u00e9cnicas necesarias, sino tambi\u00e9n la adaptabilidad y cultura que fortalecer\u00e1n tu equipo.<\/p>\n<h3>Pol\u00edticas retributivas<\/h3>\n<p><strong>Dise\u00f1amos pol\u00edticas retributivas que van m\u00e1s all\u00e1 del salario base.<\/strong> Consideramos beneficios, incentivos y reconocimientos para crear un sistema que motive y recompense a tus empleados, fomentando as\u00ed el compromiso y la retenci\u00f3n del talento.<\/p>\n<h3>Gesti\u00f3n de equipos y resoluci\u00f3n de conflictos<\/h3>\n<p><strong>La gesti\u00f3n eficaz de equipos es clave en cualquier empresa exitosa.<\/strong> Ofrecemos herramientas y estrategias para optimizar la din\u00e1mica del equipo, al tiempo que intervenimos proactivamente para resolver conflictos y mantener un ambiente de trabajo armonioso.<\/p>\n<h3>Gesti\u00f3n del teletrabajo<\/h3>\n<p><strong>La nueva realidad laboral pide flexibilidad.<\/strong> Te asistimos en la gesti\u00f3n del teletrabajo, proporcionando pautas claras, herramientas tecnol\u00f3gicas eficientes y estrategias para mantener la productividad y conexi\u00f3n del equipo, incluso a distancia.<\/p>\n<h3>Protocolos de acoso y planes de igualdad<\/h3>\n<p><strong>Garantizamos un entorno laboral seguro y equitativo mediante la implementaci\u00f3n de protocolos de acoso y la creaci\u00f3n de planes de igualdad.<\/strong> Nos esforzamos por construir empresas donde cada individuo se sienta respetado y tenga igualdad de oportunidades.<\/p>\n<p>[\/et_pb_text][\/et_pb_column][\/et_pb_row][\/et_pb_section][et_pb_section fb_built=&#8221;1&#8243; _builder_version=&#8221;4.27.3&#8243; _module_preset=&#8221;default&#8221; background_color=&#8221;#fcfcfc&#8221; custom_padding=&#8221;0px||||false|false&#8221; hover_enabled=&#8221;0&#8243; global_colors_info=&#8221;{}&#8221; module_id=&#8221;assessorament-feina&#8221; sticky_enabled=&#8221;0&#8243;][et_pb_row make_equal=&#8221;on&#8221; _builder_version=&#8221;4.23.1&#8243; _module_preset=&#8221;default&#8221; max_width=&#8221;1300px&#8221; global_colors_info=&#8221;{}&#8221;][et_pb_column type=&#8221;4_4&#8243; _builder_version=&#8221;4.21.0&#8243; _module_preset=&#8221;default&#8221; global_colors_info=&#8221;{}&#8221;][et_pb_text _builder_version=&#8221;4.23.1&#8243; _module_preset=&#8221;default&#8221; header_2_font=&#8221;Roboto|300||on|||||&#8221; header_2_font_size=&#8221;42px&#8221; custom_margin=&#8221;||10px||false|false&#8221; locked=&#8221;off&#8221; global_colors_info=&#8221;{}&#8221;]<\/p>\n<h2>Asesoramiento en la <span style=\"font-weight: 500; font-family: Poppins; color: #c88800;\">b\u00fasqueda de trabajo<\/span><\/h2>\n<p>[\/et_pb_text][et_pb_divider color=\u201d#c88800\u2033 divider_weight=\u201d3px\u201d _builder_version=\u201d4.23.1\u2033 _module_preset=\u201ddefault\u201d width=\u201d20%\u201d module_alignment=\u201dleft\u201d [\/et_pb_divider][et_pb_text _builder_version=\u201d4.23.1\u2033 _module_preset=\u201ddefault\u201d text_font=\u201dPoppins|300||||||||\u201d global_colors_info=\u201d{}\u201d]<\/p>\n<p>En Consultor\u00eda Arrels, <strong>comprendemos que la b\u00fasqueda de empleo puede ser un desaf\u00edo, pero tambi\u00e9n una oportunidad para un cambio positivo.<\/strong> Nuestro servicio de asesoramiento en la b\u00fasqueda de empleo no s\u00f3lo se trata de encontrar cualquier trabajo, sino de identificar la oportunidad adecuada que coincida con tus habilidades y aspiraciones.<\/p>\n<p><strong>Nuestro proceso comienza con una evaluaci\u00f3n exhaustiva de tus habilidades, experiencia y metas profesionales.<\/strong> No s\u00f3lo nos centramos en tu historial laboral, sino que tambi\u00e9n exploramos tus fortalezas \u00fanicas y lo que te distingue en el mercado laboral. Esta comprensi\u00f3n profunda nos permite dise\u00f1ar estrategias personalizadas para destacar tu perfil frente a los empleadores potenciales.<\/p>\n<p><strong>Una parte crucial de nuestro asesoramiento en la b\u00fasqueda de empleo es la creaci\u00f3n de curr\u00edculums y cartas de presentaci\u00f3n efectivos.<\/strong> No se trata s\u00f3lo de listar los trabajos anteriores; se trata de presentar tu historia de forma convincente. Te proporcionamos orientaci\u00f3n detallada sobre c\u00f3mo estructurar y redactar estos documentos para maximizar tu impacto y destacar tus logros de forma clara.<\/p>\n<p><strong>Adem\u00e1s, le equipamos con estrategias efectivas para la entrevista.<\/strong> Desde las preguntas m\u00e1s comunes a situaciones de negociaci\u00f3n salarial, te preparamos para cada fase del proceso de selecci\u00f3n. Nuestro objetivo es que te sientas confiado y preparado para enfrentarte a cualquier desaf\u00edo que pueda surgir durante tu b\u00fasqueda de trabajo.<\/p>\n<p>[\/et_pb_text][\/et_pb_column][\/et_pb_row][et_pb_row _builder_version=&#8221;4.23.1&#8243; _module_preset=&#8221;default&#8221; max_width=&#8221;1300px&#8221; locked=&#8221;off&#8221; global_colors_info=&#8221;{}&#8221;][et_pb_column type=&#8221;4_4&#8243; _builder_version=&#8221;4.23.1&#8243; _module_preset=&#8221;default&#8221; global_colors_info=&#8221;{}&#8221;][et_pb_image src=&#8221;http:\/\/consultoriarrels.cat\/wp-content\/uploads\/2023\/11\/consultoria-entrevista-de-feina-scaled.jpeg&#8221; alt=&#8221;Consultoria entrevista de feina&#8221; title_text=&#8221;Consultoria entrevista de feina&#8221; _builder_version=&#8221;4.27.0&#8243; _module_preset=&#8221;default&#8221; max_width=&#8221;60%&#8221; module_alignment=&#8221;center&#8221; global_colors_info=&#8221;{}&#8221;][\/et_pb_image][\/et_pb_column][\/et_pb_row][\/et_pb_section][et_pb_section fb_built=&#8221;1&#8243; _builder_version=&#8221;4.27.3&#8243; _module_preset=&#8221;default&#8221; background_color=&#8221;#fcfcfc&#8221; custom_padding=&#8221;0px||||false|false&#8221; hover_enabled=&#8221;0&#8243; global_colors_info=&#8221;{}&#8221; module_id=&#8221;gestio-carreres&#8221; sticky_enabled=&#8221;0&#8243;][et_pb_row make_equal=&#8221;on&#8221; _builder_version=&#8221;4.23.1&#8243; _module_preset=&#8221;default&#8221; max_width=&#8221;1300px&#8221; global_colors_info=&#8221;{}&#8221;][et_pb_column type=&#8221;4_4&#8243; _builder_version=&#8221;4.21.0&#8243; _module_preset=&#8221;default&#8221; global_colors_info=&#8221;{}&#8221;][et_pb_text _builder_version=&#8221;4.23.1&#8243; _module_preset=&#8221;default&#8221; header_2_font=&#8221;Roboto|300||on|||||&#8221; header_2_font_size=&#8221;42px&#8221; custom_margin=&#8221;||10px||false|false&#8221; locked=&#8221;off&#8221; global_colors_info=&#8221;{}&#8221;]<\/p>\n<h2>Gesti\u00f3n de <span style=\"font-weight: 500; font-family: Poppins; color: #c88800;\">carreras profesionales<\/span><\/h2>\n<p>[\/et_pb_text][et_pb_divider color=\u201d#c88800\u2033 divider_weight=\u201d3px\u201d _builder_version=\u201d4.23.1\u2033 _module_preset=\u201ddefault\u201d width=\u201d20%\u201d module_alignment=\u201dleft\u201d [\/et_pb_divider][et_pb_text _builder_version=\u201d4.23.1\u2033 _module_preset=\u201ddefault\u201d text_font=\u201dPoppins|300||||||||\u201d global_colors_info=\u201d{}\u201d]<\/p>\n<p>En Consultor\u00eda Arrels, entendemos que el \u00e9xito profesional no es s\u00f3lo encontrar trabajo, sino tambi\u00e9n forjar una trayectoria s\u00f3lida y sostenible. <strong>Nuestro servicio de gesti\u00f3n de carreras profesionales va m\u00e1s all\u00e1 de la b\u00fasqueda de oportunidades laborales; se trata de planificar y avanzar hacia metas a largo plazo.<\/strong><\/p>\n<p>Nos sumergimos en tu trayectoria profesional actual y aspiraciones futuras. <strong>A trav\u00e9s de sesiones personalizadas, evaluamos tus habilidades, intereses y objetivos para crear un plan estrat\u00e9gico de desarrollo profesional.<\/strong> Este plan no s\u00f3lo se centra en el pr\u00f3ximo paso, sino que traza tambi\u00e9n una ruta por el crecimiento a lo largo de tu carrera.<\/p>\n<p><strong>La formaci\u00f3n y la capacitaci\u00f3n son pilares esenciales de nuestro enfoque.<\/strong> Identificamos \u00e1reas de mejora y te proporcionamos acceso a programas de formaci\u00f3n adaptados a las necesidades espec\u00edficas. Ya sea mediante cursos especializados, talleres o mentor\u00edas, nos aseguramos que est\u00e9s equipado con las habilidades necesarias para sobresalir en tu campo.<\/p>\n<p>Adem\u00e1s, <strong>ofrecemos orientaci\u00f3n a la toma de decisiones estrat\u00e9gicas.<\/strong> Ya sea considerando un cambio de industria, asumiendo nuevas responsabilidades o buscando oportunidades de liderazgo, te asesoramos sobre las opciones disponibles y te ayudamos a tomar decisiones informadas para avanzar en tu carrera.<\/p>\n<p><strong>La adaptabilidad es clave en el mundo laboral actual, y nuestro servicio de gesti\u00f3n de carreras profesionales est\u00e1 dise\u00f1ado para mantenerte relevante.<\/strong> Te mantenemos informado sobre las \u00faltimas tendencias del mercado y te ayudamos a anticipar cambios para que puedas ajustar tu enfoque y seguir avanzando.<\/p>\n<p>[\/et_pb_text][\/et_pb_column][\/et_pb_row][\/et_pb_section][et_pb_section fb_built=&#8221;1&#8243; _builder_version=&#8221;4.27.3&#8243; _module_preset=&#8221;default&#8221; background_color=&#8221;#fcfcfc&#8221; custom_padding=&#8221;0px||||false|false&#8221; hover_enabled=&#8221;0&#8243; global_colors_info=&#8221;{}&#8221; module_id=&#8221;assessoria-contractuals&#8221; sticky_enabled=&#8221;0&#8243;][et_pb_row make_equal=&#8221;on&#8221; _builder_version=&#8221;4.23.1&#8243; _module_preset=&#8221;default&#8221; max_width=&#8221;1300px&#8221; global_colors_info=&#8221;{}&#8221;][et_pb_column type=&#8221;4_4&#8243; _builder_version=&#8221;4.21.0&#8243; _module_preset=&#8221;default&#8221; global_colors_info=&#8221;{}&#8221;][et_pb_text _builder_version=&#8221;4.23.1&#8243; _module_preset=&#8221;default&#8221; header_2_font=&#8221;Roboto|300||on|||||&#8221; header_2_font_size=&#8221;42px&#8221; custom_margin=&#8221;||10px||false|false&#8221; locked=&#8221;off&#8221; global_colors_info=&#8221;{}&#8221;]<\/p>\n<h2>Asesor\u00eda en <span style=\"font-weight: 500; font-family: Poppins; color: #c88800;\">temas contractuales<\/span><\/h2>\n<p>[\/et_pb_text][et_pb_divider color=\u201d#c88800\u2033 divider_weight=\u201d3px\u201d _builder_version=\u201d4.23.1\u2033 _module_preset=\u201ddefault\u201d width=\u201d20%\u201d module_alignment=\u201dleft\u201d [\/et_pb_divider][et_pb_text _builder_version=\u201d4.23.1\u2033 _module_preset=\u201ddefault\u201d text_font=\u201dPoppins|300||||||||\u201d global_colors_info=\u201d{}\u201d]<\/p>\n<p><strong>En Consultor\u00eda Arrels, reconocemos la importancia de establecer relaciones laborales s\u00f3lidas y claras desde el principio.<\/strong> Nuestro servicio de asesor\u00eda en temas contractuales se centra en garantizar que comprendas completamente los t\u00e9rminos y condiciones de tu contrato laboral, evitando posibles malentendidos y protegiendo tus derechos como empleado.<\/p>\n<p><strong>En una primera etapa, revisamos minuciosamente cada cl\u00e1usula y la disposici\u00f3n de tu contrato.<\/strong> Explicamos de forma clara y accesible los t\u00e9rminos legales, asegur\u00e1ndonos que tengas una comprensi\u00f3n completa de tus derechos y responsabilidades. Esto no s\u00f3lo te brinda tranquilidad, sino que tambi\u00e9n sienta las bases para una relaci\u00f3n laboral saludable.<\/p>\n<p><strong>En caso de ambig\u00fcedades o necesidades espec\u00edficas, proporcionamos orientaci\u00f3n a la negociaci\u00f3n de condiciones contractuales.<\/strong> Ya sea en la discusi\u00f3n de salarios, beneficios o cl\u00e1usulas particulares, trabajamos para asegurar que tu contrato refleje de forma precisa y justa tus expectativas y contribuciones.<\/p>\n<p>Adem\u00e1s, <strong>le informamos sobre las leyes laborales relevantes del pa\u00eds.<\/strong> Esto incluye detalles sobre horas de trabajo, vacaciones, derechos de los empleados y cualquier regulaci\u00f3n espec\u00edfica de tu industria. Esta comprensi\u00f3n profunda del marco legal le empodera para tomar decisiones informadas y proteger sus intereses.<\/p>\n<p><strong>Durante la vigencia de tu contrato, estamos disponibles para abordar cualquier pregunta o preocupaci\u00f3n que puedas tener.<\/strong> Ya sea una modificaci\u00f3n contractual, una extensi\u00f3n de t\u00e9rminos o cualquier otra consulta, estamos aqu\u00ed para guiarte y garantizar que tu relaci\u00f3n laboral se desarrolle de forma transparente y justa.<\/p>\n<p><strong>En Consultor\u00eda Arrels, no s\u00f3lo nos ocupamos de los detalles legales; nos esforzamos por crear una base s\u00f3lida para tu relaci\u00f3n laboral.<\/strong> Nuestro compromiso es asegurarnos de que te sientas apoyado y seguro en tu entorno de trabajo, desde el inicio hasta el final de tu contrato.<\/p>\n<p>[\/et_pb_text][\/et_pb_column][\/et_pb_row][et_pb_row _builder_version=&#8221;4.23.1&#8243; _module_preset=&#8221;default&#8221; max_width=&#8221;1300px&#8221; locked=&#8221;off&#8221; global_colors_info=&#8221;{}&#8221;][et_pb_column type=&#8221;4_4&#8243; _builder_version=&#8221;4.23.1&#8243; _module_preset=&#8221;default&#8221; global_colors_info=&#8221;{}&#8221;][et_pb_image src=&#8221;http:\/\/consultoriarrels.cat\/wp-content\/uploads\/2023\/11\/consultoria-contractacio-scaled.jpeg&#8221; alt=&#8221;Consultoria contractaci\u00f3&#8221; title_text=&#8221;Consultoria contractaci\u00f3&#8221; _builder_version=&#8221;4.27.0&#8243; _module_preset=&#8221;default&#8221; max_width=&#8221;60%&#8221; module_alignment=&#8221;center&#8221; global_colors_info=&#8221;{}&#8221;][\/et_pb_image][\/et_pb_column][\/et_pb_row][\/et_pb_section][et_pb_section fb_built=&#8221;1&#8243; _builder_version=&#8221;4.27.3&#8243; _module_preset=&#8221;default&#8221; background_color=&#8221;#fcfcfc&#8221; custom_padding=&#8221;0px||||false|false&#8221; hover_enabled=&#8221;0&#8243; global_colors_info=&#8221;{}&#8221; module_id=&#8221;per-que-triar&#8221; sticky_enabled=&#8221;0&#8243;][et_pb_row make_equal=&#8221;on&#8221; _builder_version=&#8221;4.23.1&#8243; _module_preset=&#8221;default&#8221; max_width=&#8221;1300px&#8221; global_colors_info=&#8221;{}&#8221;][et_pb_column type=&#8221;4_4&#8243; _builder_version=&#8221;4.21.0&#8243; _module_preset=&#8221;default&#8221; global_colors_info=&#8221;{}&#8221;][et_pb_text _builder_version=&#8221;4.23.1&#8243; _module_preset=&#8221;default&#8221; header_2_font=&#8221;Roboto|300||on|||||&#8221; header_2_font_size=&#8221;42px&#8221; custom_margin=&#8221;||10px||false|false&#8221; locked=&#8221;off&#8221; global_colors_info=&#8221;{}&#8221;]<\/p>\n<h2>\u00bfPor qu\u00e9 elegir <span style=\"font-weight: 500; font-family: Poppins; color: #c88800;\">consultor\u00eda Arrels?<\/span><\/h2>\n<p>[\/et_pb_text][et_pb_divider color=\u201d#c88800\u2033 divider_weight=\u201d3px\u201d _builder_version=\u201d4.23.1\u2033 _module_preset=\u201ddefault\u201d width=\u201d20%\u201d module_alignment=\u201dleft\u201d [\/et_pb_divider][et_pb_text _builder_version=\u201d4.23.1\u2033 _module_preset=\u201ddefault\u201d text_font=\u201dPoppins|300||||||||\u201d global_colors_info=\u201d{}\u201d]<\/p>\n<p><strong>En Consultor\u00eda Arrels, no somos simplemente un servicio de asesor\u00eda laboral en Santa Maria de Palautordera; somos arquitectos de tu \u00e9xito profesional.<\/strong> \u00bfQu\u00e9 nos distingue y por qu\u00e9 deber\u00eda elegirnos? En primer lugar, nos enorgullece operar bajo principios fundamentales que gu\u00edan a cada interacci\u00f3n: transparencia, \u00e9tica y compromiso. Estos valores no son s\u00f3lo palabras; son la base de nuestra reputaci\u00f3n s\u00f3lida y la confianza que depositan en nosotros nuestros clientes.<\/p>\n<p><strong>Nuestra experiencia no s\u00f3lo es extensa, sino tambi\u00e9n adaptativa.<\/strong> Nos mantenemos a la vanguardia de las tendencias laborales y m\u00e1s all\u00e1. No ofrecemos soluciones est\u00e1ndar; adaptamos nuestro enfoque a la realidad din\u00e1mica del mercado laboral actual, asegur\u00e1ndonos que nuestros clientes est\u00e9n equipados con las herramientas y estrategias m\u00e1s efectivas.<\/p>\n<p><strong>En Consultor\u00eda Arrels, reconocemos que cada individuo es \u00fanico.<\/strong> Por eso, nuestro enfoque es personalizado y centrado en el cliente. Desde la b\u00fasqueda de empleo hasta la gesti\u00f3n de carreras y la asesor\u00eda contractual, consideramos sus metas y circunstancias individuales para ofrecerle orientaci\u00f3n y soluciones a medida. No aplicamos un enfoque de talla \u00fanica; trabajamos contigo para construir tu camino hacia el \u00e9xito.<\/p>\n<p><strong>Adem\u00e1s nuestro equipo no s\u00f3lo tiene conocimientos, sino tambi\u00e9n una pasi\u00f3n genuina por tu desarrollo profesional.<\/strong> Nos emociona ver a cada cliente alcanzar sus objetivos, y esto se refleja en la dedicaci\u00f3n y el esfuerzo que ponemos en cada consulta y servicio que ofrecemos. No s\u00f3lo somos asesores; somos tu socio estrat\u00e9gico a cada paso de tu trayectoria profesional.<\/p>\n<p><strong>Por \u00faltimo, en un mercado saturado de opciones, elegir Consultor\u00eda Arrels significa elegir un compromiso duradero.<\/strong> Estamos aqu\u00ed no s\u00f3lo para solucionar problemas inmediatos, sino para construir relaciones a largo plazo. La confianza que depositas en nosotros se traduce en tangibles resultados y en una asociaci\u00f3n que va m\u00e1s all\u00e1 de las expectativas.<\/p>\n<p>[\/et_pb_text][\/et_pb_column][\/et_pb_row][\/et_pb_section][et_pb_section fb_built=&#8221;1&#8243; _builder_version=&#8221;4.27.3&#8243; _module_preset=&#8221;default&#8221; background_color=&#8221;#fcfcfc&#8221; custom_padding=&#8221;0px||||false|false&#8221; hover_enabled=&#8221;0&#8243; locked=&#8221;off&#8221; global_colors_info=&#8221;{}&#8221; module_id=&#8221;contacta&#8221; sticky_enabled=&#8221;0&#8243;][et_pb_row make_equal=&#8221;on&#8221; _builder_version=&#8221;4.25.1&#8243; _module_preset=&#8221;default&#8221; max_width=&#8221;1300px&#8221; global_colors_info=&#8221;{}&#8221;][et_pb_column type=&#8221;4_4&#8243; _builder_version=&#8221;4.21.0&#8243; _module_preset=&#8221;default&#8221; global_colors_info=&#8221;{}&#8221;][et_pb_text _builder_version=&#8221;4.23.1&#8243; _module_preset=&#8221;default&#8221; header_2_font=&#8221;Roboto|300||on|||||&#8221; header_2_font_size=&#8221;42px&#8221; custom_margin=&#8221;||10px||false|false&#8221; locked=&#8221;off&#8221; global_colors_info=&#8221;{}&#8221;]<\/p>\n<h2>Contacta con <span style=\"font-weight: 500; font-family: Poppins; color: #c88800;\">nosotros<\/span><\/h2>\n<p>[\/et_pb_text][et_pb_divider color=&quot;#C88800&quot; divider_weight=&quot;3px&quot; _builder_version=&quot;4.23.1&quot; _module_preset=&quot;default&quot; width=&quot;20%&quot; module_alignment=&quot;left&quot; lock [\/et_pb_divider][\/et_pb_column][\/et_pb_row][et_pb_row column_structure=\u201d1_2,1_2\u2033 make_equal=\u201don\u201d _builder_version=\u201d4.25.1\u2033 _module_preset=\u201ddefault\u201d max_width= [et_pb_column type=\u201d1_2\u2033 _builder_version=\u201d4.21.0\u2033 _module_preset=\u201ddefault\u201d global_colors_info=\u201d{}\u201d][et_pb_text _builder_version=\u201d4.22.1\u2033 _module_preset=\u201ddefault\u201d header_2| ||\u201d header_2_font_size=\u201d30px\u201d header_3_font=\u201dPoppins||||||||\u201d header_3_font_size=\u201d24px\u201d global_colors_info=\u201d{}\u201d]<\/p>\n<h3>Informaci\u00f3n de contacto<\/h3>\n<p>[\/et_pb_text][et_pb_blurb use_icon=\u201ddonde\u201d font_icon=\u201d\ue090||divi||400\u2033 icon_color=\u201d#004AAD\u201d icon_placement=\u201dleft\u201d image_icon_width=\u201d40px\u201d admin_label=\u201dAnuncio.\u201d =\u201ddefault\u201d header_level=\u201dh3\u2033 header_font=\u201dPoppins||||||||\u201d body_font=&quot;Poppins|300|||||||&quot; body_font_size=\u201d16px\u201d custom_css_blurb_image=\u201dpadding-right: 10px;||vertical-align: middle;||position: relative;\u201d locked=\u201doff\u201d global_colors_info=\u201d{}\u201d]603 603 249<\/p>\n<p>664 620 389[\/et_pb_blurb][et_pb_blurb use_icon=\u201don\u201d font_icon=\u201d\ue076||divi||400\u2033 icon_color=\u201d#004AAD\u201d icon_placement=\u201dleft\u201d image_icon_width=\u201d40 25. 1\u2033 _module_preset=\u201ddefault\u201d header_level=\u201dh3\u2033 header_font=\u201dPoppins||||||||| body_font=&quot;Poppins|300|||||||&quot; body_font_size=\u201d16px\u201d link_option_url=\u201dmailto:mariam@consultoriarrels.cat\u201d custom_css_blurb_image=\u201dpadding-right: 10px;||vertical-align: middle;||position: relative;\u201d locked=\u201doff\u201d global_colors_info=\u201d{}\u201d]<\/p>\n<p>info@consultoriarrels.cat<\/p>\n<p>[\/et_pb_blurb][et_pb_blurb use_icon=\u201ddonde\u201d font_icon=\u201d\uf017||hace||900\u2033 icon_color=\u201d#004AAD\u201d icon_placement=\u201dleft\u201d image_icon_width=\u201d40px\u201d admin_label=\u201dAnuncio. =\u201ddefault\u201d header_level=\u201dh3\u2033 header_font=\u201dPoppins||||||||\u201d body_font=&quot;Poppins|300|||||||&quot; body_font_size=\u201d16px\u201d custom_css_blurb_image=\u201dpadding-right: 10px;||vertical-align: middle;||position: relative;\u201d locked=\u201doff\u201d global_colors_info=\u201d{}\u201d]<\/p>\n<p>De lunes a viernes<br \/>\nde 9h a 18h<\/p>\n<p>[\/et_pb_blurb][et_pb_blurb use_icon=\u201don\u201d font_icon=\u201d\ue081||divi||400\u2033 icon_color=\u201d#004AAD\u201d icon_placement=\u201dleft\u201d image_icon_width=\u201d40px\u201d admin_label=\u201dAnuncio\u201d _builder_version=\u201d4.25.1\u2033 _module_preset =\u201ddefault\u201d header_level=\u201dh3\u2033 header_font=\u201dPoppins||||||||\u201d body_font=&quot;Poppins|300|||||||&quot; body_font_size=\u201d16px\u201d custom_css_blurb_image=\u201dpadding-right: 10px;||vertical-align: middle;||position: relative;\u201d locked=\u201doff\u201d global_colors_info=\u201d{}\u201d]Calle Vic 11, 08460, Santa Mar\u00eda de Palautordera[\/et_pb_blurb][\/et_pb_column][et_pb_column type=\u201d1_2\u2033 _builder_version=\u201d4.21.0\u2033 _module_pres =\u201d{}\u201d][et_pb_text _builder_version=\u201d4.22.1\u2033 _module_preset=\u201ddefault\u201d header_2_font=\u201dPoppins|||||||||\u201d header_2_font_size=\u201d30px\u201d header_3_font=\u201dPoppins||||||||\u201d header_3_font_size=\u201d24px\u201d global_colors_info=\u201d{}\u201d]<\/p>\n<h3>Contacta con nosotros<\/h3>\n<p>[\/et_pb_text][et_pb_contact_form use_spam_service=&#8221;on&#8221; recaptcha_list=&#8221;Default|Default-0&#8243; email=&#8221;info@consultoriarrels.cat&#8221; custom_message=&#8221;Correu des de la WEB consultoriarrels.cat||et_pb_line_break_holder||||et_pb_line_break_holder||Nom: %%Name%%||et_pb_line_break_holder||Correu: %%Email%%||et_pb_line_break_holder||Tel\u00e8fon: %%Telefon%%||et_pb_line_break_holder||Tipus de consulta: %%Field_4%%||et_pb_line_break_holder||Missatge: %%Message%%&#8221; success_message=&#8221;Gr\u00e0cies per contactar amb nosaltres. En breu ens posarem en contacte amb tu.&#8221; submit_button_text=&#8221;Envia&#8221; _builder_version=&#8221;4.23.4&#8243; _module_preset=&#8221;default&#8221; _unique_id=&#8221;20bffa56-eae1-4940-9a0e-452dfd6986fb&#8221; form_field_background_color=&#8221;#FFFFFF&#8221; custom_button=&#8221;on&#8221; button_text_color=&#8221;#FFFFFF&#8221; button_bg_color=&#8221;#4153AF&#8221; button_border_width=&#8221;0px&#8221; custom_margin=&#8221;||||false|true&#8221; custom_margin_tablet=&#8221;||||false|true&#8221; custom_margin_phone=&#8221;||||false|true&#8221; custom_margin_last_edited=&#8221;on|desktop&#8221; border_width_all=&#8221;2px&#8221; border_color_all=&#8221;#4153AF&#8221; locked=&#8221;off&#8221; global_colors_info=&#8221;{}&#8221;][et_pb_contact_field field_id=&#8221;Name&#8221; field_title=&#8221;Nom *&#8221; _builder_version=&#8221;4.23.1&#8243; global_colors_info=&#8221;{}&#8221; button_text_size__hover_enabled=&#8221;off&#8221; button_one_text_size__hover_enabled=&#8221;off&#8221; button_two_text_size__hover_enabled=&#8221;off&#8221; button_text_color__hover_enabled=&#8221;off&#8221; button_one_text_color__hover_enabled=&#8221;off&#8221; button_two_text_color__hover_enabled=&#8221;off&#8221; button_border_width__hover_enabled=&#8221;off&#8221; button_one_border_width__hover_enabled=&#8221;off&#8221; button_two_border_width__hover_enabled=&#8221;off&#8221; button_border_color__hover_enabled=&#8221;off&#8221; button_one_border_color__hover_enabled=&#8221;off&#8221; button_two_border_color__hover_enabled=&#8221;off&#8221; button_border_radius__hover_enabled=&#8221;off&#8221; button_one_border_radius__hover_enabled=&#8221;off&#8221; button_two_border_radius__hover_enabled=&#8221;off&#8221; button_letter_spacing__hover_enabled=&#8221;off&#8221; button_one_letter_spacing__hover_enabled=&#8221;off&#8221; button_two_letter_spacing__hover_enabled=&#8221;off&#8221; button_bg_color__hover_enabled=&#8221;off&#8221; button_one_bg_color__hover_enabled=&#8221;off&#8221; button_two_bg_color__hover_enabled=&#8221;off&#8221;][\/et_pb_contact_field][et_pb_contact_field field_id=&#8221;Email&#8221; field_title=&#8221;Correu electr\u00f2nic *&#8221; field_type=&#8221;email&#8221; _builder_version=&#8221;4.23.1&#8243; global_colors_info=&#8221;{}&#8221; button_text_size__hover_enabled=&#8221;off&#8221; button_one_text_size__hover_enabled=&#8221;off&#8221; button_two_text_size__hover_enabled=&#8221;off&#8221; button_text_color__hover_enabled=&#8221;off&#8221; button_one_text_color__hover_enabled=&#8221;off&#8221; button_two_text_color__hover_enabled=&#8221;off&#8221; button_border_width__hover_enabled=&#8221;off&#8221; button_one_border_width__hover_enabled=&#8221;off&#8221; button_two_border_width__hover_enabled=&#8221;off&#8221; button_border_color__hover_enabled=&#8221;off&#8221; button_one_border_color__hover_enabled=&#8221;off&#8221; button_two_border_color__hover_enabled=&#8221;off&#8221; button_border_radius__hover_enabled=&#8221;off&#8221; button_one_border_radius__hover_enabled=&#8221;off&#8221; button_two_border_radius__hover_enabled=&#8221;off&#8221; button_letter_spacing__hover_enabled=&#8221;off&#8221; button_one_letter_spacing__hover_enabled=&#8221;off&#8221; button_two_letter_spacing__hover_enabled=&#8221;off&#8221; button_bg_color__hover_enabled=&#8221;off&#8221; button_one_bg_color__hover_enabled=&#8221;off&#8221; button_two_bg_color__hover_enabled=&#8221;off&#8221;][\/et_pb_contact_field][et_pb_contact_field field_id=&#8221;Telefon&#8221; field_title=&#8221;Tel\u00e8fon&#8221; allowed_symbols=&#8221;numbers&#8221; required_mark=&#8221;off&#8221; _builder_version=&#8221;4.23.1&#8243; _module_preset=&#8221;default&#8221; global_colors_info=&#8221;{}&#8221;][\/et_pb_contact_field][et_pb_contact_field field_id=&#8221;Field_4&#8243; field_title=&#8221;Tipus de consulta&#8221; field_type=&#8221;select&#8221; select_options=&#8221;%91{%22value%22:%22Assessoria laboral%22,%22checked%22:0,%22dragID%22:-1},{%22value%22:%22Consultoria laboral%22,%22checked%22:0,%22dragID%22:0},{%22value%22:%22Assessoria fiscal i comptable%22,%22checked%22:0,%22dragID%22:1},{%22value%22:%22Gesti\u00f3 de bonificacions de les formacions &#8211; Fundae%22,%22checked%22:0,%22dragID%22:2},{%22value%22:%22Cerca i gesti\u00f3 de subvencions per a les empreses%22,%22checked%22:0,%22dragID%22:3},{%22value%22:%22Tramitaci\u00f3 d\u2019expedients d\u2019estrangeria%22,%22checked%22:0,%22dragID%22:4},{%22value%22:%22Consultoria 360\u00ba%22,%22checked%22:0,%22dragID%22:5},{%22value%22:%22Un altre tema%22,%22checked%22:0,%22dragID%22:6}%93&#8243; required_mark=&#8221;off&#8221; _builder_version=&#8221;4.23.1&#8243; _module_preset=&#8221;default&#8221; global_colors_info=&#8221;{}&#8221;][\/et_pb_contact_field][et_pb_contact_field field_id=&#8221;Message&#8221; field_title=&#8221;Missatge *&#8221; field_type=&#8221;text&#8221; fullwidth_field=&#8221;on&#8221; _builder_version=&#8221;4.23.1&#8243; global_colors_info=&#8221;{}&#8221; button_text_size__hover_enabled=&#8221;off&#8221; button_one_text_size__hover_enabled=&#8221;off&#8221; button_two_text_size__hover_enabled=&#8221;off&#8221; button_text_color__hover_enabled=&#8221;off&#8221; button_one_text_color__hover_enabled=&#8221;off&#8221; button_two_text_color__hover_enabled=&#8221;off&#8221; button_border_width__hover_enabled=&#8221;off&#8221; button_one_border_width__hover_enabled=&#8221;off&#8221; button_two_border_width__hover_enabled=&#8221;off&#8221; button_border_color__hover_enabled=&#8221;off&#8221; button_one_border_color__hover_enabled=&#8221;off&#8221; button_two_border_color__hover_enabled=&#8221;off&#8221; button_border_radius__hover_enabled=&#8221;off&#8221; button_one_border_radius__hover_enabled=&#8221;off&#8221; button_two_border_radius__hover_enabled=&#8221;off&#8221; button_letter_spacing__hover_enabled=&#8221;off&#8221; button_one_letter_spacing__hover_enabled=&#8221;off&#8221; button_two_letter_spacing__hover_enabled=&#8221;off&#8221; button_bg_color__hover_enabled=&#8221;off&#8221; button_one_bg_color__hover_enabled=&#8221;off&#8221; button_two_bg_color__hover_enabled=&#8221;off&#8221;][\/et_pb_contact_field][et_pb_contact_field field_id=&#8221;Field_5&#8243; field_title=&#8221; &#8221; field_type=&#8221;checkbox&#8221; checkbox_options=&#8221;%91{%22value%22:%22Accepto la %22,%22checked%22:0,%22dragID%22:-1,%22link_url%22:%22http:\/\/consultoriarrels.cat\/politica-de-privacitat\/%22,%22link_text%22:%22Politica de privacitat%22}%93&#8243; fullwidth_field=&#8221;on&#8221; _builder_version=&#8221;4.23.1&#8243; _module_preset=&#8221;default&#8221; global_colors_info=&#8221;{}&#8221;][\/et_pb_contact_field][\/et_pb_contact_form][et_pb_text _builder_version=&#8221;4.21.0&#8243; _module_preset=&#8221;default&#8221; link_text_color=&#8221;#4153af&#8221; locked=&#8221;off&#8221; global_colors_info=&#8221;{}&#8221;]Aquest lloc est\u00e0 protegit per reCAPTCHA i s&#8217;apliquen la <a href=\"https:\/\/policies.google.com\/privacy\" target=\"_self\" role=\"link\" rel=\"noopener\">Pol\u00edtica de privacidad<\/a> y las <a href=\"https:\/\/policies.google.com\/terms\" target=\"_self\" role=\"link\" rel=\"noopener\">Condiciones del servicio<\/a> de Google.[\/et_pb_text][\/et_pb_column][\/et_pb_row][\/et_pb_section]<\/p>","protected":false},"excerpt":{"rendered":"<p>En este entorno donde la competencia es feroz y las oportunidades son ef\u00edmeras, Consultor\u00eda Arrels es un aliado fiable para quienes buscan no s\u00f3lo empleo, sino una verdadera progresi\u00f3n en sus trayectorias profesionales. No s\u00f3lo destacamos por ofrecer servicios est\u00e1ndar de asesor\u00eda laboral, sino por nuestra capacidad \u00fanica para adaptarnos a las necesidades espec\u00edficas de cada individuo.<\/p>","protected":false},"author":1,"featured_media":1941,"comment_status":"closed","ping_status":"closed","sticky":false,"template":"","format":"standard","meta":{"_et_pb_use_builder":"on","_et_pb_old_content":"<!-- wp:paragraph -->\n<p>Aqu\u00ed publicarem els continguts del nostre blog<\/p>\n<!-- \/wp:paragraph -->","_et_gb_content_width":"2880","footnotes":""},"categories":[1],"tags":[],"class_list":["post-1","post","type-post","status-publish","format-standard","has-post-thumbnail","hentry","category-uncategorized"],"yoast_head":"<!-- This site is optimized with the Yoast SEO plugin v26.4 - https:\/\/yoast.com\/wordpress\/plugins\/seo\/ -->\n<title>Assessoria laboral a Santa Maria de Palautordera - Consultoria Arrels<\/title>\n<meta name=\"description\" content=\"Ascendeix professionalment amb l&#039;assessoria laboral: Optimitza la teva traject\u00f2ria amb serveis especialitzats.\" \/>\n<meta name=\"robots\" content=\"index, follow, max-snippet:-1, max-image-preview:large, max-video-preview:-1\" \/>\n<link rel=\"canonical\" href=\"https:\/\/consultoriarrels.cat\/esp\/assessoria-laboral\/\" \/>\n<meta property=\"og:locale\" content=\"es_ES\" \/>\n<meta property=\"og:type\" content=\"article\" \/>\n<meta property=\"og:title\" content=\"Assessoria laboral a Santa Maria de Palautordera - Consultoria Arrels\" \/>\n<meta property=\"og:description\" content=\"Ascendeix professionalment amb l&#039;assessoria laboral: Optimitza la teva traject\u00f2ria amb serveis especialitzats.\" \/>\n<meta property=\"og:url\" content=\"https:\/\/consultoriarrels.cat\/esp\/assessoria-laboral\/\" \/>\n<meta property=\"og:site_name\" content=\"Consultoria Arrels\" \/>\n<meta property=\"article:published_time\" content=\"2022-04-24T22:21:43+00:00\" \/>\n<meta property=\"article:modified_time\" content=\"2024-11-15T07:30:46+00:00\" \/>\n<meta property=\"og:image\" content=\"https:\/\/consultoriarrels.cat\/wp-content\/uploads\/2023\/11\/consultoria-contractacio-scaled.jpeg\" \/>\n\t<meta property=\"og:image:width\" content=\"1920\" \/>\n\t<meta property=\"og:image:height\" content=\"1252\" \/>\n\t<meta property=\"og:image:type\" content=\"image\/jpeg\" \/>\n<meta name=\"author\" content=\"assisoft\" \/>\n<meta name=\"twitter:card\" content=\"summary_large_image\" \/>\n<meta name=\"twitter:label1\" content=\"Escrito por\" \/>\n\t<meta name=\"twitter:data1\" content=\"assisoft\" \/>\n\t<meta name=\"twitter:label2\" content=\"Tiempo de lectura\" \/>\n\t<meta name=\"twitter:data2\" content=\"11 minutos\" \/>\n<script type=\"application\/ld+json\" class=\"yoast-schema-graph\">{\"@context\":\"https:\/\/schema.org\",\"@graph\":[{\"@type\":\"Article\",\"@id\":\"https:\/\/consultoriarrels.cat\/assessoria-laboral\/#article\",\"isPartOf\":{\"@id\":\"https:\/\/consultoriarrels.cat\/assessoria-laboral\/\"},\"author\":{\"name\":\"assisoft\",\"@id\":\"https:\/\/consultoriarrels.cat\/#\/schema\/person\/a4a60e76757ab791e2feac7e0ccb2ea5\"},\"headline\":\"Assessoria laboral a Santa Maria de Palautordera\",\"datePublished\":\"2022-04-24T22:21:43+00:00\",\"dateModified\":\"2024-11-15T07:30:46+00:00\",\"mainEntityOfPage\":{\"@id\":\"https:\/\/consultoriarrels.cat\/assessoria-laboral\/\"},\"wordCount\":4725,\"publisher\":{\"@id\":\"https:\/\/consultoriarrels.cat\/#organization\"},\"image\":{\"@id\":\"https:\/\/consultoriarrels.cat\/assessoria-laboral\/#primaryimage\"},\"thumbnailUrl\":\"https:\/\/consultoriarrels.cat\/wp-content\/uploads\/2023\/11\/consultoria-contractacio-scaled.jpeg\",\"articleSection\":[\"Uncategorized\"],\"inLanguage\":\"es\"},{\"@type\":\"WebPage\",\"@id\":\"https:\/\/consultoriarrels.cat\/assessoria-laboral\/\",\"url\":\"https:\/\/consultoriarrels.cat\/assessoria-laboral\/\",\"name\":\"Assessoria laboral a Santa Maria de Palautordera - Consultoria Arrels\",\"isPartOf\":{\"@id\":\"https:\/\/consultoriarrels.cat\/#website\"},\"primaryImageOfPage\":{\"@id\":\"https:\/\/consultoriarrels.cat\/assessoria-laboral\/#primaryimage\"},\"image\":{\"@id\":\"https:\/\/consultoriarrels.cat\/assessoria-laboral\/#primaryimage\"},\"thumbnailUrl\":\"https:\/\/consultoriarrels.cat\/wp-content\/uploads\/2023\/11\/consultoria-contractacio-scaled.jpeg\",\"datePublished\":\"2022-04-24T22:21:43+00:00\",\"dateModified\":\"2024-11-15T07:30:46+00:00\",\"description\":\"Ascendeix professionalment amb l'assessoria laboral: Optimitza la teva traject\u00f2ria amb serveis especialitzats.\",\"breadcrumb\":{\"@id\":\"https:\/\/consultoriarrels.cat\/assessoria-laboral\/#breadcrumb\"},\"inLanguage\":\"es\",\"potentialAction\":[{\"@type\":\"ReadAction\",\"target\":[\"https:\/\/consultoriarrels.cat\/assessoria-laboral\/\"]}]},{\"@type\":\"ImageObject\",\"inLanguage\":\"es\",\"@id\":\"https:\/\/consultoriarrels.cat\/assessoria-laboral\/#primaryimage\",\"url\":\"https:\/\/consultoriarrels.cat\/wp-content\/uploads\/2023\/11\/consultoria-contractacio-scaled.jpeg\",\"contentUrl\":\"https:\/\/consultoriarrels.cat\/wp-content\/uploads\/2023\/11\/consultoria-contractacio-scaled.jpeg\",\"width\":1920,\"height\":1252,\"caption\":\"Consultoria contractaci\u00f3\"},{\"@type\":\"BreadcrumbList\",\"@id\":\"https:\/\/consultoriarrels.cat\/assessoria-laboral\/#breadcrumb\",\"itemListElement\":[{\"@type\":\"ListItem\",\"position\":1,\"name\":\"Inici\",\"item\":\"https:\/\/consultoriarrels.cat\/\"},{\"@type\":\"ListItem\",\"position\":2,\"name\":\"Assessoria laboral a Santa Maria de Palautordera\"}]},{\"@type\":\"WebSite\",\"@id\":\"https:\/\/consultoriarrels.cat\/#website\",\"url\":\"https:\/\/consultoriarrels.cat\/\",\"name\":\"Consultoria Arrels\",\"description\":\"T&#039;acompanyem en tot moment\",\"publisher\":{\"@id\":\"https:\/\/consultoriarrels.cat\/#organization\"},\"potentialAction\":[{\"@type\":\"SearchAction\",\"target\":{\"@type\":\"EntryPoint\",\"urlTemplate\":\"https:\/\/consultoriarrels.cat\/?s={search_term_string}\"},\"query-input\":{\"@type\":\"PropertyValueSpecification\",\"valueRequired\":true,\"valueName\":\"search_term_string\"}}],\"inLanguage\":\"es\"},{\"@type\":\"Organization\",\"@id\":\"https:\/\/consultoriarrels.cat\/#organization\",\"name\":\"Consultoria Arrels\",\"url\":\"https:\/\/consultoriarrels.cat\/\",\"logo\":{\"@type\":\"ImageObject\",\"inLanguage\":\"es\",\"@id\":\"https:\/\/consultoriarrels.cat\/#\/schema\/logo\/image\/\",\"url\":\"http:\/\/consultoriarrels.cat\/wp-content\/uploads\/2023\/08\/consultoria_arrels_0021.png\",\"contentUrl\":\"http:\/\/consultoriarrels.cat\/wp-content\/uploads\/2023\/08\/consultoria_arrels_0021.png\",\"width\":132,\"height\":132,\"caption\":\"Consultoria Arrels\"},\"image\":{\"@id\":\"https:\/\/consultoriarrels.cat\/#\/schema\/logo\/image\/\"}},{\"@type\":\"Person\",\"@id\":\"https:\/\/consultoriarrels.cat\/#\/schema\/person\/a4a60e76757ab791e2feac7e0ccb2ea5\",\"name\":\"assisoft\",\"image\":{\"@type\":\"ImageObject\",\"inLanguage\":\"es\",\"@id\":\"https:\/\/consultoriarrels.cat\/#\/schema\/person\/image\/\",\"url\":\"https:\/\/secure.gravatar.com\/avatar\/7e21f63c89c6677f1c0c2a4ec347579a69e669077f77bbb73eb26e897e5badc8?s=96&d=mm&r=g\",\"contentUrl\":\"https:\/\/secure.gravatar.com\/avatar\/7e21f63c89c6677f1c0c2a4ec347579a69e669077f77bbb73eb26e897e5badc8?s=96&d=mm&r=g\",\"caption\":\"assisoft\"},\"sameAs\":[\"http:\/\/consultoriarrels.cat\"]}]}<\/script>\n<!-- \/ Yoast SEO plugin. -->","yoast_head_json":{"title":"Asesor\u00eda laboral en Santa Maria de Palautordera - Consultor\u00eda Arrels","description":"Asciende profesionalmente con la asesor\u00eda laboral: Optimiza tu trayectoria con servicios especializados.","robots":{"index":"index","follow":"follow","max-snippet":"max-snippet:-1","max-image-preview":"max-image-preview:large","max-video-preview":"max-video-preview:-1"},"canonical":"https:\/\/consultoriarrels.cat\/esp\/assessoria-laboral\/","og_locale":"es_ES","og_type":"article","og_title":"Assessoria laboral a Santa Maria de Palautordera - Consultoria Arrels","og_description":"Ascendeix professionalment amb l'assessoria laboral: Optimitza la teva traject\u00f2ria amb serveis especialitzats.","og_url":"https:\/\/consultoriarrels.cat\/esp\/assessoria-laboral\/","og_site_name":"Consultoria Arrels","article_published_time":"2022-04-24T22:21:43+00:00","article_modified_time":"2024-11-15T07:30:46+00:00","og_image":[{"width":1920,"height":1252,"url":"https:\/\/consultoriarrels.cat\/wp-content\/uploads\/2023\/11\/consultoria-contractacio-scaled.jpeg","type":"image\/jpeg"}],"author":"assisoft","twitter_card":"summary_large_image","twitter_misc":{"Escrito por":"assisoft","Tiempo de lectura":"11 minutos"},"schema":{"@context":"https:\/\/schema.org","@graph":[{"@type":"Article","@id":"https:\/\/consultoriarrels.cat\/assessoria-laboral\/#article","isPartOf":{"@id":"https:\/\/consultoriarrels.cat\/assessoria-laboral\/"},"author":{"name":"assisoft","@id":"https:\/\/consultoriarrels.cat\/#\/schema\/person\/a4a60e76757ab791e2feac7e0ccb2ea5"},"headline":"Assessoria laboral a Santa Maria de Palautordera","datePublished":"2022-04-24T22:21:43+00:00","dateModified":"2024-11-15T07:30:46+00:00","mainEntityOfPage":{"@id":"https:\/\/consultoriarrels.cat\/assessoria-laboral\/"},"wordCount":4725,"publisher":{"@id":"https:\/\/consultoriarrels.cat\/#organization"},"image":{"@id":"https:\/\/consultoriarrels.cat\/assessoria-laboral\/#primaryimage"},"thumbnailUrl":"https:\/\/consultoriarrels.cat\/wp-content\/uploads\/2023\/11\/consultoria-contractacio-scaled.jpeg","articleSection":["Uncategorized"],"inLanguage":"es"},{"@type":"WebPage","@id":"https:\/\/consultoriarrels.cat\/assessoria-laboral\/","url":"https:\/\/consultoriarrels.cat\/assessoria-laboral\/","name":"Asesor\u00eda laboral en Santa Maria de Palautordera - Consultor\u00eda Arrels","isPartOf":{"@id":"https:\/\/consultoriarrels.cat\/#website"},"primaryImageOfPage":{"@id":"https:\/\/consultoriarrels.cat\/assessoria-laboral\/#primaryimage"},"image":{"@id":"https:\/\/consultoriarrels.cat\/assessoria-laboral\/#primaryimage"},"thumbnailUrl":"https:\/\/consultoriarrels.cat\/wp-content\/uploads\/2023\/11\/consultoria-contractacio-scaled.jpeg","datePublished":"2022-04-24T22:21:43+00:00","dateModified":"2024-11-15T07:30:46+00:00","description":"Asciende profesionalmente con la asesor\u00eda laboral: Optimiza tu trayectoria con servicios especializados.","breadcrumb":{"@id":"https:\/\/consultoriarrels.cat\/assessoria-laboral\/#breadcrumb"},"inLanguage":"es","potentialAction":[{"@type":"ReadAction","target":["https:\/\/consultoriarrels.cat\/assessoria-laboral\/"]}]},{"@type":"ImageObject","inLanguage":"es","@id":"https:\/\/consultoriarrels.cat\/assessoria-laboral\/#primaryimage","url":"https:\/\/consultoriarrels.cat\/wp-content\/uploads\/2023\/11\/consultoria-contractacio-scaled.jpeg","contentUrl":"https:\/\/consultoriarrels.cat\/wp-content\/uploads\/2023\/11\/consultoria-contractacio-scaled.jpeg","width":1920,"height":1252,"caption":"Consultoria contractaci\u00f3"},{"@type":"BreadcrumbList","@id":"https:\/\/consultoriarrels.cat\/assessoria-laboral\/#breadcrumb","itemListElement":[{"@type":"ListItem","position":1,"name":"Inici","item":"https:\/\/consultoriarrels.cat\/"},{"@type":"ListItem","position":2,"name":"Assessoria laboral a Santa Maria de Palautordera"}]},{"@type":"WebSite","@id":"https:\/\/consultoriarrels.cat\/#website","url":"https:\/\/consultoriarrels.cat\/","name":"Consultor\u00eda Arrels","description":"T&#039;acompa\u00f1amos en todo momento","publisher":{"@id":"https:\/\/consultoriarrels.cat\/#organization"},"potentialAction":[{"@type":"SearchAction","target":{"@type":"EntryPoint","urlTemplate":"https:\/\/consultoriarrels.cat\/?s={search_term_string}"},"query-input":{"@type":"PropertyValueSpecification","valueRequired":true,"valueName":"search_term_string"}}],"inLanguage":"es"},{"@type":"Organization","@id":"https:\/\/consultoriarrels.cat\/#organization","name":"Consultor\u00eda Arrels","url":"https:\/\/consultoriarrels.cat\/","logo":{"@type":"ImageObject","inLanguage":"es","@id":"https:\/\/consultoriarrels.cat\/#\/schema\/logo\/image\/","url":"http:\/\/consultoriarrels.cat\/wp-content\/uploads\/2023\/08\/consultoria_arrels_0021.png","contentUrl":"http:\/\/consultoriarrels.cat\/wp-content\/uploads\/2023\/08\/consultoria_arrels_0021.png","width":132,"height":132,"caption":"Consultoria Arrels"},"image":{"@id":"https:\/\/consultoriarrels.cat\/#\/schema\/logo\/image\/"}},{"@type":"Person","@id":"https:\/\/consultoriarrels.cat\/#\/schema\/person\/a4a60e76757ab791e2feac7e0ccb2ea5","name":"assisoft","image":{"@type":"ImageObject","inLanguage":"es","@id":"https:\/\/consultoriarrels.cat\/#\/schema\/person\/image\/","url":"https:\/\/secure.gravatar.com\/avatar\/7e21f63c89c6677f1c0c2a4ec347579a69e669077f77bbb73eb26e897e5badc8?s=96&d=mm&r=g","contentUrl":"https:\/\/secure.gravatar.com\/avatar\/7e21f63c89c6677f1c0c2a4ec347579a69e669077f77bbb73eb26e897e5badc8?s=96&d=mm&r=g","caption":"assisoft"},"sameAs":["http:\/\/consultoriarrels.cat"]}]}},"_links":{"self":[{"href":"https:\/\/consultoriarrels.cat\/esp\/wp-json\/wp\/v2\/posts\/1","targetHints":{"allow":["GET"]}}],"collection":[{"href":"https:\/\/consultoriarrels.cat\/esp\/wp-json\/wp\/v2\/posts"}],"about":[{"href":"https:\/\/consultoriarrels.cat\/esp\/wp-json\/wp\/v2\/types\/post"}],"author":[{"embeddable":true,"href":"https:\/\/consultoriarrels.cat\/esp\/wp-json\/wp\/v2\/users\/1"}],"replies":[{"embeddable":true,"href":"https:\/\/consultoriarrels.cat\/esp\/wp-json\/wp\/v2\/comments?post=1"}],"version-history":[{"count":52,"href":"https:\/\/consultoriarrels.cat\/esp\/wp-json\/wp\/v2\/posts\/1\/revisions"}],"predecessor-version":[{"id":2303,"href":"https:\/\/consultoriarrels.cat\/esp\/wp-json\/wp\/v2\/posts\/1\/revisions\/2303"}],"wp:featuredmedia":[{"embeddable":true,"href":"https:\/\/consultoriarrels.cat\/esp\/wp-json\/wp\/v2\/media\/1941"}],"wp:attachment":[{"href":"https:\/\/consultoriarrels.cat\/esp\/wp-json\/wp\/v2\/media?parent=1"}],"wp:term":[{"taxonomy":"category","embeddable":true,"href":"https:\/\/consultoriarrels.cat\/esp\/wp-json\/wp\/v2\/categories?post=1"},{"taxonomy":"post_tag","embeddable":true,"href":"https:\/\/consultoriarrels.cat\/esp\/wp-json\/wp\/v2\/tags?post=1"}],"curies":[{"name":"wp","href":"https:\/\/api.w.org\/{rel}","templated":true}]}}